{"id":121,"date":"2020-04-27T23:53:16","date_gmt":"2020-04-28T04:53:16","guid":{"rendered":"http:\/\/contranatura.org\/blog\/?p=121"},"modified":"2020-05-11T10:11:52","modified_gmt":"2020-05-11T15:11:52","slug":"aceptemos-la-locura-patchen-poemas","status":"publish","type":"post","link":"http:\/\/contranatura.org\/blog\/2020\/04\/aceptemos-la-locura-patchen-poemas\/","title":{"rendered":"Aceptemos la locura"},"content":{"rendered":"\n<figure class=\"wp-block-image size-large\"><img loading=\"lazy\" decoding=\"async\" width=\"600\" height=\"698\" src=\"http:\/\/contranatura.org\/blog\/wp-content\/uploads\/2020\/04\/alterarte-1999.jpg\" alt=\"\" class=\"wp-image-125\" srcset=\"http:\/\/contranatura.org\/blog\/wp-content\/uploads\/2020\/04\/alterarte-1999.jpg 600w, http:\/\/contranatura.org\/blog\/wp-content\/uploads\/2020\/04\/alterarte-1999-258x300.jpg 258w\" sizes=\"auto, (max-width: 600px) 100vw, 600px\" \/><\/figure>\n\n\n\n<p class=\"has-background has-black-background-color\"><span class=\"has-inline-color has-medium-gray-color\">Tres poemas de <strong>Kenneth Patchen<\/strong>, extra\u00eddos de la <\/span><a rel=\"noreferrer noopener\" href=\"http:\/\/www.contranatura.org\/literat\/biblioteca\/Patchen-Poemas.htm\" target=\"_blank\"><span class=\"has-inline-color has-blue-color\">breve antolog\u00eda<\/span><\/a> <span class=\"has-inline-color has-medium-gray-color\">publicada en la<\/span> <span class=\"has-inline-color has-medium-gray-color\">secci\u00f3n de literaturas de contranatura.org  \u2014 La fuente original es la m\u00e1s amplia antolog\u00eda publicada por la<\/span> <a rel=\"noreferrer noopener\" href=\"http:\/\/www.materialdelectura.unam.mx\/index.php\/poesia-moderna\/16-poesia-moderna-cat\/262-116-kenneth-patchen\" target=\"_blank\">UNAM<\/a>. <span class=\"has-inline-color has-medium-gray-color\">Las versiones en castellano son de <strong>Alberto Blanco<\/strong>.<\/span><\/p>\n\n\n\n<div style=\"height:40px\" aria-hidden=\"true\" class=\"wp-block-spacer\"><\/div>\n\n\n\n<p class=\"has-normal-font-size\"><strong>ACEPTEMOS LA LOCURA<\/strong><\/p>\n\n\n\n<p>Aceptemos la locura abiertamente, hombres<br>De mi generaci\u00f3n. Sigamos<br>Los pasos de esta edad destrozada:<br>Mir\u00e9mosla cruzar la tierra opaca del Tiempo<br>Hacia la casa cerrada de la eternidad<br>Con el ruido que la muerte tiene,<br>Con el rostro de las cosas muertas y que no se diga:<\/p>\n\n\n\n<p>Que quer\u00edamos m\u00e1s; buscamos para encontrar<br>Una puerta abierta, una haza\u00f1a absoluta del amor<br>Que transformara la aciaga oscuridad del d\u00eda;<br>pero<br>Encontramos infierno y niebla<br>Sobre la tierra, y en nosotros mismos<br>Un pantano descompuesto de tumbas descomunales.<\/p>\n\n\n\n<div style=\"height:40px\" aria-hidden=\"true\" class=\"wp-block-spacer\"><\/div>\n\n\n\n<p class=\"has-normal-font-size\"><strong>EL LOBO DEL INVIERNO<\/strong><\/p>\n\n\n\n<p>El lobo del invierno<br>Devora caminos y pueblos<br>En su hambre de hielo.<\/p>\n\n\n\n<p>El lobo del invierno<br>Mete la pata en la olla rancia de la ciudad<br>Agitando la sopa de putas y suicidas.<\/p>\n\n\n\n<p>Oh el lobo del invierno<br>Rompe los huesos del pobre<br>En su caverna congelada.<\/p>\n\n\n\n<p>El lobo del invierno\u2026<br>El torvo, el fr\u00edo, el blanco<br>El bello lobo del invierno<br>Que se alimenta de nuestro mundo.<\/p>\n\n\n\n<div style=\"height:40px\" aria-hidden=\"true\" class=\"wp-block-spacer\"><\/div>\n\n\n\n<p class=\"has-normal-font-size\"><strong>GAUTAMA EN EL PARQUE DE LOS VENADOS EN BENAR\u00c9S<\/strong><\/p>\n\n\n\n<p>En una choza de lodo y fuego<br>Est\u00e1 sentado este hombre \u2014\u201cNo desear<br>Dinero, una vida en el mundo,<br>No querer adornos en mi nombre\u201d\u2014<br>Y era rico; su vida vive all\u00ed<br>Donde la muerte no puede llegar; su honor<br>Clava la vista en el sol.<\/p>\n\n\n\n<p>El ciervo duerme. Los vientos ligeros<br>Rizan la verde cabellera de la tierra. Es<br>Maravilloso vivir. Mi sable se oxida<br>En la pl\u00e1cida lluvia. No debo pensar<br>M\u00e1s. Toco el rostro de mi amigo;<br>Me muestra los dientes sucios mientras se rasca<br>Una pulga \u2014y sonre\u00edmos. Hace calor<br>Y el arroz se agita en nuestros vientres<br>Con provecho.<\/p>\n\n\n\n<p>El ciervo levanta la cabeza \u2014el sol inunda<br>Sus ojos suaves con los reinos de la vida\u2014<br>Creo que todos debemos irnos a dormir ya,<br>Y no preocuparnos m\u00e1s.<\/p>\n\n\n\n<p class=\"has-small-font-size\"><strong>\u2014 Kenneth Patchen<\/strong><br><span class=\"has-inline-color has-medium-gray-color\">Traducci\u00f3n de Alberto Blanco<\/span><\/p>\n\n\n\n<div style=\"height:40px\" aria-hidden=\"true\" class=\"wp-block-spacer\"><\/div>\n\n\n\n<p class=\"has-small-font-size\"><strong>English versions<\/strong> in page 2.<\/p>\n\n\n\n<!--nextpage-->\n\n\n\n<div style=\"height:100px\" aria-hidden=\"true\" class=\"wp-block-spacer\"><\/div>\n\n\n\n<p class=\"has-medium-font-size\"><strong>Let Us Have Madness<\/strong><\/p>\n\n\n\n<p>Let us have madness openly.<br>O men Of my generation.<br>Let us follow<br>The footsteps of this slaughtered age:<br>See it trail across Time&#8217;s dim land<br>Into the closed house of eternity<br>With the noise that dying has,<br>With the face that dead things wear\u2014<br>nor ever say<br>We wanted more; we looked to find<br>An open door, an utter deed of love,<br>Transforming day&#8217;s evil darkness;<br>but We found extended hell and fog Upon the earth,<br>and within the head<br>A rotting bog of lean huge graves.<\/p>\n\n\n\n<div style=\"height:30px\" aria-hidden=\"true\" class=\"wp-block-spacer\"><\/div>\n\n\n\n<p class=\"has-medium-font-size\"><strong>The Wolf of Winter<\/strong><\/p>\n\n\n\n<p>The wolf of winter<br>Devours roads and towns<br>In his white hunger.<\/p>\n\n\n\n<p>The wolf of winter<br>Sticks his paw into the city&#8217;s rancid pot,<br>Wanly stirring its soup of whores and suicides.<\/p>\n\n\n\n<p>O the wolf of winter<br>Crunched on the bones of the poor<br>In his chill white cave.<\/p>\n\n\n\n<p>The wolf of winter . . .<br>The grim, the cold, the white<br>Beautiful winter wolf<br>That feeds on our world.<\/p>\n\n\n\n<div style=\"height:30px\" aria-hidden=\"true\" class=\"wp-block-spacer\"><\/div>\n\n\n\n<p class=\"has-medium-font-size\"><strong>Gautama in the Deer Park at Benares<\/strong><\/p>\n\n\n\n<p>In a hut of mud and tire<br>Sits this single man&#8211;&#8220;Not to want<br>Money, to want a life in the world,<br>To want no trinkets on my name&#8221;&#8211;<br>And he was rich; his life lives where<br>Death cannot go; his honor stares<br>At the sun. <\/p>\n\n\n\n<p>The fawn sleeps. The little winds<br>Ruffle the earth&#8217;s green hair. It is<br>Wonderful to live. My sword rusts<br>In the pleasant rain. I shall not think<br>Anymore. I touch the face of my friend;<br>He shows his dirty teeth as he scratches<br>At a flea&#8211;and we grin. It is warm<br>And the rice stirs usefully in our bellies.<\/p>\n\n\n\n<p>The fawn raises its head&#8211;the sun floods<br>Its soft eye with the kingdoms of life&#8211;<br>I think we should all go to sleep now,<br>And not care anymore. <\/p>\n\n\n\n<p><strong>\u2014 Kenneth Patchen<\/strong><\/p>\n\n\n\n<div style=\"height:20px\" aria-hidden=\"true\" class=\"wp-block-spacer\"><\/div>\n","protected":false},"excerpt":{"rendered":"<p>Tres poemas de Kenneth Patchen, extra\u00eddos de la breve antolog\u00eda publicada en la secci\u00f3n de literaturas de contranatura.org \u2014 La fuente original es la m\u00e1s amplia antolog\u00eda publicada por la UNAM. Las versiones en castellano son de Alberto Blanco. ACEPTEMOS &hellip; <a href=\"http:\/\/contranatura.org\/blog\/2020\/04\/aceptemos-la-locura-patchen-poemas\/\">Continue reading <span class=\"meta-nav\">&rarr;<\/span><\/a><\/p>\n","protected":false},"author":3,"featured_media":0,"comment_status":"closed","ping_status":"closed","sticky":false,"template":"","format":"standard","meta":{"footnotes":""},"categories":[6,14],"tags":[35,21,20,13],"class_list":["post-121","post","type-post","status-publish","format-standard","hentry","category-literaturas","category-poesia","tag-literatura","tag-patchen","tag-poesia","tag-zen"],"_links":{"self":[{"href":"http:\/\/contranatura.org\/blog\/wp-json\/wp\/v2\/posts\/121","targetHints":{"allow":["GET"]}}],"collection":[{"href":"http:\/\/contranatura.org\/blog\/wp-json\/wp\/v2\/posts"}],"about":[{"href":"http:\/\/contranatura.org\/blog\/wp-json\/wp\/v2\/types\/post"}],"author":[{"embeddable":true,"href":"http:\/\/contranatura.org\/blog\/wp-json\/wp\/v2\/users\/3"}],"replies":[{"embeddable":true,"href":"http:\/\/contranatura.org\/blog\/wp-json\/wp\/v2\/comments?post=121"}],"version-history":[{"count":0,"href":"http:\/\/contranatura.org\/blog\/wp-json\/wp\/v2\/posts\/121\/revisions"}],"wp:attachment":[{"href":"http:\/\/contranatura.org\/blog\/wp-json\/wp\/v2\/media?parent=121"}],"wp:term":[{"taxonomy":"category","embeddable":true,"href":"http:\/\/contranatura.org\/blog\/wp-json\/wp\/v2\/categories?post=121"},{"taxonomy":"post_tag","embeddable":true,"href":"http:\/\/contranatura.org\/blog\/wp-json\/wp\/v2\/tags?post=121"}],"curies":[{"name":"wp","href":"https:\/\/api.w.org\/{rel}","templated":true}]}}