{"id":280,"date":"2020-05-09T23:55:50","date_gmt":"2020-05-10T04:55:50","guid":{"rendered":"http:\/\/contranatura.org\/blog\/?p=280"},"modified":"2021-05-02T11:10:41","modified_gmt":"2021-05-02T16:10:41","slug":"la-noche-enjoyada-y-maligna","status":"publish","type":"post","link":"http:\/\/contranatura.org\/blog\/2020\/05\/la-noche-enjoyada-y-maligna\/","title":{"rendered":"&#8220;La Noche enjoyada y maligna se est\u00e1 adue\u00f1ando de la ciudad para siempre&#8221;"},"content":{"rendered":"\n<figure class=\"wp-block-image size-large\"><img loading=\"lazy\" decoding=\"async\" width=\"800\" height=\"638\" src=\"http:\/\/contranatura.org\/blog\/wp-content\/uploads\/2020\/05\/delvaux-1956-solitude.jpg\" alt=\"Solitude (1956) - Paul Delvaux\" class=\"wp-image-281\" srcset=\"http:\/\/contranatura.org\/blog\/wp-content\/uploads\/2020\/05\/delvaux-1956-solitude.jpg 800w, http:\/\/contranatura.org\/blog\/wp-content\/uploads\/2020\/05\/delvaux-1956-solitude-300x239.jpg 300w, http:\/\/contranatura.org\/blog\/wp-content\/uploads\/2020\/05\/delvaux-1956-solitude-768x612.jpg 768w, http:\/\/contranatura.org\/blog\/wp-content\/uploads\/2020\/05\/delvaux-1956-solitude-376x300.jpg 376w\" sizes=\"auto, (max-width: 800px) 100vw, 800px\" \/><figcaption><strong>Solitude<\/strong> (1956) Paul Delvaux | \u00d3leo sobre lienzo, 99,5 x 124 cm<\/figcaption><\/figure>\n\n\n\n<p class=\"has-black-background-color has-background\"><span class=\"has-inline-color has-medium-gray-color\">Tres poemas de <strong>Emilio Adolfo Westphalen<\/strong>, extra\u00eddos del libro <\/span><a rel=\"noreferrer noopener\" href=\"http:\/\/www.contranatura.org\/literat\/biblioteca\/Westphalen-Belleza_de_una_espada.htm\" target=\"_blank\"><em>Belleza de una espada clavada en la lengua (Poemas 1930-1986)<\/em><\/a><span class=\"has-inline-color has-medium-gray-color\"> (Ediciones Rikchay, Lima, 1986).<\/span><\/p>\n\n\n\n<div style=\"height:30px\" aria-hidden=\"true\" class=\"wp-block-spacer\"><\/div>\n\n\n\n<p class=\"has-normal-font-size\"><strong>DE INC\u00d3GNITO<\/strong><\/p>\n\n\n\n<p>Se tropieza uno al voltear la esquina con imponente<br>arboladura de nav\u00edo penetrando pesada lentamente en ruidosas<br>calles congestionadas hemipl\u00e9jicas. El poniente ti\u00f1e de p\u00farpura<br>telas restallantes sobre cubierta desierta. Gui\u00f1a los ojos<br>la gente distra\u00edda y no advierte c\u00f3mo la Noche enjoyada y<br>maligna se est\u00e1 adue\u00f1ando de la ciudad para siempre.<\/p>\n\n\n\n<div style=\"height:45px\" aria-hidden=\"true\" class=\"wp-block-spacer\"><\/div>\n\n\n\n<p class=\"has-normal-font-size\"><strong>ERROR DE C\u00c1LCULO<\/strong><\/p>\n\n\n\n<p>El mar se ha deslizado en el poema como en su cueva y<br>refugio natural sin tener en cuenta la diferencia de proporcio-<br>nes. Cuando cedan las costuras bajo el peso, \u00bfad\u00f3nde ir\u00e1 a<br>desaguar todo el azulverde acumulado?<\/p>\n\n\n\n<div style=\"height:45px\" aria-hidden=\"true\" class=\"wp-block-spacer\"><\/div>\n\n\n\n<p class=\"has-normal-font-size\"><strong>TUMBA GRANDE<\/strong><\/p>\n\n\n\n<p>El tren se ha detenido en el silencio opaco y sin ecos<br>de la noche an\u00f3nima. Es la llegada a t\u00e9rmino \u2014 no se<br>reanudar\u00e1n ya m\u00e1s ni agitaci\u00f3n ni bullicio ni carcoma.<\/p>\n\n\n\n<div style=\"height:45px\" aria-hidden=\"true\" class=\"wp-block-spacer\"><\/div>\n\n\n\n<p><strong>\u2014 Emilio Adolfo Westphalen<\/strong><\/p>\n\n\n\n<p class=\"has-small-font-size\">Publicados originalmente en la ciudad de Lisboa: &#8220;Error de c\u00e1lculo&#8221;, en <strong><em>M\u00e1ximas y m\u00ednimas de sapiencia pedestre<\/em><\/strong> (1982) y &#8220;De inc\u00f3gnito&#8221; y &#8220;Tumba grande&#8221;, en <strong><em>Nueva serie<\/em><\/strong> (1984).<\/p>\n\n\n\n<div style=\"height:30px\" aria-hidden=\"true\" class=\"wp-block-spacer\"><\/div>\n","protected":false},"excerpt":{"rendered":"<p>Tres poemas de Emilio Adolfo Westphalen, extra\u00eddos del libro Belleza de una espada clavada en la lengua (Poemas 1930-1986) (Ediciones Rikchay, Lima, 1986). DE INC\u00d3GNITO Se tropieza uno al voltear la esquina con imponentearboladura de nav\u00edo penetrando pesada lentamente en &hellip; <a href=\"http:\/\/contranatura.org\/blog\/2020\/05\/la-noche-enjoyada-y-maligna\/\">Continue reading <span class=\"meta-nav\">&rarr;<\/span><\/a><\/p>\n","protected":false},"author":3,"featured_media":0,"comment_status":"closed","ping_status":"closed","sticky":false,"template":"","format":"standard","meta":{"footnotes":""},"categories":[6,14],"tags":[31,35,63,20,32,30],"class_list":["post-280","post","type-post","status-publish","format-standard","hentry","category-literaturas","category-poesia","tag-delvaux","tag-literatura","tag-pinturas","tag-poesia","tag-surrealismo","tag-westphalen"],"_links":{"self":[{"href":"http:\/\/contranatura.org\/blog\/wp-json\/wp\/v2\/posts\/280","targetHints":{"allow":["GET"]}}],"collection":[{"href":"http:\/\/contranatura.org\/blog\/wp-json\/wp\/v2\/posts"}],"about":[{"href":"http:\/\/contranatura.org\/blog\/wp-json\/wp\/v2\/types\/post"}],"author":[{"embeddable":true,"href":"http:\/\/contranatura.org\/blog\/wp-json\/wp\/v2\/users\/3"}],"replies":[{"embeddable":true,"href":"http:\/\/contranatura.org\/blog\/wp-json\/wp\/v2\/comments?post=280"}],"version-history":[{"count":0,"href":"http:\/\/contranatura.org\/blog\/wp-json\/wp\/v2\/posts\/280\/revisions"}],"wp:attachment":[{"href":"http:\/\/contranatura.org\/blog\/wp-json\/wp\/v2\/media?parent=280"}],"wp:term":[{"taxonomy":"category","embeddable":true,"href":"http:\/\/contranatura.org\/blog\/wp-json\/wp\/v2\/categories?post=280"},{"taxonomy":"post_tag","embeddable":true,"href":"http:\/\/contranatura.org\/blog\/wp-json\/wp\/v2\/tags?post=280"}],"curies":[{"name":"wp","href":"https:\/\/api.w.org\/{rel}","templated":true}]}}