{"id":360,"date":"2020-05-24T19:29:47","date_gmt":"2020-05-25T00:29:47","guid":{"rendered":"http:\/\/contranatura.org\/blog\/?p=360"},"modified":"2021-04-04T23:40:02","modified_gmt":"2021-04-05T04:40:02","slug":"nada-puede-justificar-esta-destruccion-de-la-vida-de-la-gente","status":"publish","type":"post","link":"http:\/\/contranatura.org\/blog\/2020\/05\/nada-puede-justificar-esta-destruccion-de-la-vida-de-la-gente\/","title":{"rendered":"&#8220;Nada puede justificar esta destrucci\u00f3n de la vida de la gente&#8221;"},"content":{"rendered":"\n<figure class=\"wp-block-image size-large\"><img loading=\"lazy\" decoding=\"async\" width=\"1024\" height=\"728\" src=\"http:\/\/contranatura.org\/blog\/wp-content\/uploads\/2020\/05\/peru-tambogrande-covid.jpg\" alt=\"\" class=\"wp-image-361\" srcset=\"http:\/\/contranatura.org\/blog\/wp-content\/uploads\/2020\/05\/peru-tambogrande-covid.jpg 1024w, http:\/\/contranatura.org\/blog\/wp-content\/uploads\/2020\/05\/peru-tambogrande-covid-300x213.jpg 300w, http:\/\/contranatura.org\/blog\/wp-content\/uploads\/2020\/05\/peru-tambogrande-covid-768x546.jpg 768w, http:\/\/contranatura.org\/blog\/wp-content\/uploads\/2020\/05\/peru-tambogrande-covid-422x300.jpg 422w\" sizes=\"auto, (max-width: 1024px) 100vw, 1024px\" \/><figcaption>Ciudadanos afectados por la cuarentena, en el distrito de Tambogrande, Piura, norte del Per\u00fa, en la madrugada del 27 de abril de 2020, esperando afuera de una agencia bancaria con la esperanza de cobrar un bono del gobierno. (Fuente: El Regional de Piura)<\/figcaption><\/figure>\n\n\n\n<p class=\"has-background has-black-background-color\"><span class=\"has-inline-color has-medium-gray-color\">El 22 de mayo de 2020, <strong>Yoram Lass<\/strong>, m\u00e9dico e investigador cient\u00edfico, ex director general del Ministerio de Salud de Israel, fue entrevistado por <strong>Fraser Myers<\/strong> para la revista<\/span> <a rel=\"noreferrer noopener\" href=\"https:\/\/www.spiked-online.com\/2020\/05\/22\/nothing-can-justify-this-destruction-of-peoples-lives\/\" target=\"_blank\">Spiked<\/a><span class=\"has-inline-color has-medium-gray-color\">, sobre la pandemia del COVID-19. La traducci\u00f3n es de contranatura.org<\/span><\/p>\n\n\n\n<p><em>Spiked:<\/em> <strong>Usted ha descrito la respuesta global al coronavirus como histeria. \u00bfPuede explicarlo?<\/strong><\/p>\n\n\n\n<p><em>Yoram Lass:<\/em> Es la primera epidemia en la historia que es acompa\u00f1ada por otra epidemia: el virus de las redes sociales. Este nuevo medio ha lavado el cerebro de poblaciones enteras. El resultado es miedo y ansiedad, y la incapacidad de observar datos reales. Y as\u00ed tienes todos los ingredientes para una histeria monstruosa.<\/p>\n\n\n\n<p>Es lo que se conoce en ciencia como retroalimentaci\u00f3n positiva, o efecto de bola de nieve. El gobierno teme a sus electores. Por lo tanto, implementa medidas draconianas. Los electores ven las medidas draconianas y se vuelven incluso m\u00e1s hist\u00e9ricos. Se alimentan mutuamente y la bola de nieve crece y crece hasta llegar a territorio irracional. Esta no es m\u00e1s que una epidemia de gripe, si te importa ver los n\u00fameros y los hechos, pero la gente en estado de ansiedad es ciega. Si yo estuviese tomando decisiones, intentar\u00eda darle a las personas los n\u00fameros verdaderos. Y jam\u00e1s destruir\u00eda a mi pa\u00eds.<\/p>\n\n\n\n<p><strong>\u00bfQu\u00e9 nos dicen los n\u00fameros, seg\u00fan lo ve?<\/strong><\/p>\n\n\n\n<p>La tasa de mortalidad atribuida al coronavirus es falsa. La mayor\u00eda de gente no est\u00e1 muriendo del coronavirus. La causa de muerte est\u00e1 siendo cambiada en el registro. Si los pacientes murieron de leucemia, de c\u00e1ncer metast\u00e1sico, de enfermedad cardiovascular o Alzheimer, ellos ponen coronavirus.<code>(1)<\/code> Adem\u00e1s, el n\u00famero de personas infectadas es falaz, porque depende del n\u00famero de pruebas. Cuanto m\u00e1s pruebas haces m\u00e1s personas infectadas obtienes.<\/p>\n\n\n\n<p>El \u00fanico n\u00famero que importa es el n\u00famero total de muertes, por todas las causas, no solamente coronavirus. Si miras esos n\u00fameros ver\u00e1s que cada invierno tenemos lo que se llama un exceso de mortalidad. Es decir, durante el invierno m\u00e1s gente muere comparada con el promedio, debido a la temporada regular de epidemias de gripe, de las que nadie se preocupa. Si miras la ola del coronavirus en un gr\u00e1fico, ver\u00e1s que se ve como un salto. El coronavirus viene muy r\u00e1pido, pero se va tambi\u00e9n muy r\u00e1pido. La ola de la influenza es m\u00e1s peque\u00f1a porque toma tres meses en pasar. Si cuentas el n\u00famero de personas fallecidas en t\u00e9rminos de exceso de mortalidad \u2014que es el \u00e1rea bajo la curva\u2014 ver\u00e1s que durante la temporada del coronavirus hemos tenido un exceso de mortalidad que es aproximadamente 15% m\u00e1s grande que la epidemia de gripe normal en 2017.<\/p>\n\n\n\n<p>Comparado con ese incremento, las medidas draconianas son de proporciones b\u00edblicas. Cientos de millones de personas est\u00e1n sufriendo. En los pa\u00edses en v\u00edas de desarrollo muchos morir\u00e1n de hambre. En los pa\u00edses desarrollados muchos morir\u00e1n por el desempleo. El desempleo <em>es<\/em> mortalidad. M\u00e1s personas morir\u00e1n por las medidas adoptadas que por el virus. Y las personas que mueren por las medidas son los proveedores de los hogares. Son m\u00e1s j\u00f3venes. Entre la gente que muere por el coronavirus, la edad promedio es a menudo <em>m\u00e1s alta<\/em> que la esperanza de vida de la poblaci\u00f3n. Lo que se ha hecho no es proporcionado. Pero la gente tiene miedo, les han lavado el cerebro. No prestan atenci\u00f3n a los hechos. Y eso incluye a los gobiernos.<\/p>\n\n\n\n<p><strong>\u00bfLas cuarentenas tienen alg\u00fan efecto positivo en la seguridad de las personas?<\/strong><\/p>\n\n\n\n<p>Cualquier experto razonable \u2014esto es, cualquiera menos el Profesor Ferguson del Imperial College que habr\u00eda encerrado a todos cuando tuvimos la gripe porcina\u2014 te dir\u00e1 que la cuarentena no puede cambiar el n\u00famero final de personas infectadas. S\u00f3lo puede cambiar la <em>tasa<\/em> de infecci\u00f3n. Y la gente argumenta que cambiando la tasa de infecci\u00f3n y &#8220;aplanando la curva&#8221;, hemos evitado el colapso de los hospitales. Te he mostrado los costos de la cuarentena, pero estos fueron los argumentos en favor de ella. Pero mira a Suecia. Sin cuarentena y sin colapso de hopitales. El argumento en favor de la cuarentena colapsa.<\/p>\n\n\n\n<p><strong>\u00bfPor qu\u00e9 algunos pa\u00edses han sufrido mucho m\u00e1s que otros por el COVID-19?<\/strong><\/p>\n\n\n\n<p>Por ejemplo, puedes comparar Italia con Israel. En Medio Oriente, este virus realmente no est\u00e1 funcionando. Hay dos razones. Una es que hay una poblaci\u00f3n muy joven, y la otra es el clima diferente. En la latitud de 50 grados, donde est\u00e1 Europa, y 40, que es el noreste de Estados Unidos, el virus es mucho m\u00e1s viable. Italia tiene la poblaci\u00f3n m\u00e1s vieja del mundo, con excepci\u00f3n de Jap\u00f3n. Los italianos son tambi\u00e9n intensos fumadores y personas muy sociables, siempre abrazando y besando. Si miras los n\u00fameros, en 2017 murieron 25 mil italianos por complicaciones de la gripe. Ahora tienes alrededor de 30 mil muriendo por el coronavirus. As\u00ed que es un n\u00famero comparable. No deber\u00edas arruinar un pa\u00eds por n\u00fameros comparables.<\/p>\n\n\n\n<p><strong>\u00bfC\u00f3mo ha sido en Israel?<\/strong><\/p>\n\n\n\n<p>En Israel, tenemos dos capas de miedo. La histeria es similar a la del resto del mundo. Sin embargo, tenemos un primer ministro que ha sido resucitado por el coronavirus, a\u00f1adiendo otra capa de miedo. No creo que exista otro primer ministro que haya hablado acerca del coronavirus en t\u00e9rminos de la Peste Negra medieval, el Holocausto y el Fin de la Humanidad. \u00bfBoris Johnson ha mencionado a la Peste Negra? No lo creo. Esta es la situaci\u00f3n especial en Israel.<\/p>\n\n\n\n<p><strong>\u00bfC\u00f3mo se compara el coronavirus con pandemias pasadas?<\/strong><\/p>\n\n\n\n<p>Si miras en los a\u00f1os 50, tuvimos la gripe asi\u00e1tica. En los 60, hubo la gripe de Hong Kong. Estas fueron peores que esta pandemia. Tambi\u00e9n, mira la historia de la gripe porcina en 2009, que empez\u00f3 exactamente igual que el coronavirus. Un nuevo virus se origin\u00f3 en M\u00e9xico. No hab\u00eda vacuna y causaba mucho temor. Se esparci\u00f3 por todo el mundo. Infect\u00f3 a mil millones de personas. Un cuarto de mill\u00f3n de personas murieron. Pero no hubo cuarentena, Ferguson, nada; la gente estaba m\u00e1s interesada en la crisis econ\u00f3mica que golpe\u00f3 un a\u00f1o antes en 2008. No tuvieron tiempo de darle atenci\u00f3n a esta tonter\u00eda.<\/p>\n\n\n\n<p><strong>\u00bfTerminar\u00e1 pronto la pandemia?<\/strong><\/p>\n\n\n\n<p>El virus, como el virus de la influenza, se est\u00e1 despidiendo de Europa occidental, con seguridad. Lo mismo en Medio Oriente. En Estados Unidos, no lo sabemos todav\u00eda, deber\u00edamos hablar dentro de un mes. Pero nada puede justificar esta destrucci\u00f3n de la vida de la gente. Es incre\u00edble.<\/p>\n\n\n\n<hr class=\"wp-block-separator\"\/>\n\n\n\n<p><code>(1) A mediados de marzo de 2020, el profesor Walter Ricciardi, asesor cient\u00edfico del Ministro de Salud de Italia, report\u00f3 que \"en una reevaluaci\u00f3n del Instituto Nacional de Salud, solamente el 12% de los certificados de defunci\u00f3n mostraban una relaci\u00f3n directa con el coronavirus\". La edad promedio de los fallecidos era 79.5 a\u00f1os. As\u00ed lo consigna un informe del <a rel=\"noreferrer noopener\" href=\"https:\/\/www.cebm.net\/covid-19\/global-covid-19-case-fatality-rates\/\" target=\"_blank\">Centro para una Medicina Basada en la Evidencia<\/a> de la Universidad de Oxford. (N. del T.)<\/code><\/p>\n\n\n\n<div style=\"height:20px\" aria-hidden=\"true\" class=\"wp-block-spacer\"><\/div>\n\n\n\n<p><\/p>\n","protected":false},"excerpt":{"rendered":"<p>El 22 de mayo de 2020, Yoram Lass, m\u00e9dico e investigador cient\u00edfico, ex director general del Ministerio de Salud de Israel, fue entrevistado por Fraser Myers para la revista Spiked, sobre la pandemia del COVID-19. La traducci\u00f3n es de contranatura.org &hellip; <a href=\"http:\/\/contranatura.org\/blog\/2020\/05\/nada-puede-justificar-esta-destruccion-de-la-vida-de-la-gente\/\">Continue reading <span class=\"meta-nav\">&rarr;<\/span><\/a><\/p>\n","protected":false},"author":3,"featured_media":0,"comment_status":"closed","ping_status":"closed","sticky":false,"template":"","format":"standard","meta":{"footnotes":""},"categories":[25],"tags":[24,17,22,3,40],"class_list":["post-360","post","type-post","status-publish","format-standard","hentry","category-noticias","tag-ciencia","tag-covid-19","tag-entrevista","tag-traducciones","tag-yoram-lass"],"_links":{"self":[{"href":"http:\/\/contranatura.org\/blog\/wp-json\/wp\/v2\/posts\/360","targetHints":{"allow":["GET"]}}],"collection":[{"href":"http:\/\/contranatura.org\/blog\/wp-json\/wp\/v2\/posts"}],"about":[{"href":"http:\/\/contranatura.org\/blog\/wp-json\/wp\/v2\/types\/post"}],"author":[{"embeddable":true,"href":"http:\/\/contranatura.org\/blog\/wp-json\/wp\/v2\/users\/3"}],"replies":[{"embeddable":true,"href":"http:\/\/contranatura.org\/blog\/wp-json\/wp\/v2\/comments?post=360"}],"version-history":[{"count":0,"href":"http:\/\/contranatura.org\/blog\/wp-json\/wp\/v2\/posts\/360\/revisions"}],"wp:attachment":[{"href":"http:\/\/contranatura.org\/blog\/wp-json\/wp\/v2\/media?parent=360"}],"wp:term":[{"taxonomy":"category","embeddable":true,"href":"http:\/\/contranatura.org\/blog\/wp-json\/wp\/v2\/categories?post=360"},{"taxonomy":"post_tag","embeddable":true,"href":"http:\/\/contranatura.org\/blog\/wp-json\/wp\/v2\/tags?post=360"}],"curies":[{"name":"wp","href":"https:\/\/api.w.org\/{rel}","templated":true}]}}