{"id":416,"date":"2020-12-31T23:41:53","date_gmt":"2021-01-01T04:41:53","guid":{"rendered":"http:\/\/contranatura.org\/blog\/?p=416"},"modified":"2023-07-06T18:45:46","modified_gmt":"2023-07-06T23:45:46","slug":"esta-anomalia-debe-parar","status":"publish","type":"post","link":"http:\/\/contranatura.org\/blog\/2020\/12\/esta-anomalia-debe-parar\/","title":{"rendered":"&#8220;Esta anomal\u00eda debe parar&#8221;"},"content":{"rendered":"\n<figure class=\"wp-block-image size-large\"><img loading=\"lazy\" decoding=\"async\" width=\"800\" height=\"534\" src=\"http:\/\/contranatura.org\/blog\/wp-content\/uploads\/2021\/01\/Atenas-17-nov-2020.jpg\" alt=\"\" class=\"wp-image-418\" srcset=\"http:\/\/contranatura.org\/blog\/wp-content\/uploads\/2021\/01\/Atenas-17-nov-2020.jpg 800w, http:\/\/contranatura.org\/blog\/wp-content\/uploads\/2021\/01\/Atenas-17-nov-2020-300x200.jpg 300w, http:\/\/contranatura.org\/blog\/wp-content\/uploads\/2021\/01\/Atenas-17-nov-2020-768x513.jpg 768w, http:\/\/contranatura.org\/blog\/wp-content\/uploads\/2021\/01\/Atenas-17-nov-2020-449x300.jpg 449w\" sizes=\"auto, (max-width: 800px) 100vw, 800px\" \/><figcaption class=\"wp-element-caption\">La polic\u00eda griega reprime la manifestaci\u00f3n realizada el 17 de noviembre de 2020 en conmemoraci\u00f3n de la matanza de estudiantes en la Universidad Polit\u00e9cnica de Atenas, perpetrada por la junta militar el 17 de noviembre de 1973.<\/figcaption><\/figure>\n\n\n\n<p class=\"has-medium-gray-color has-black-background-color has-text-color has-background\">Este es el breve pronunciamiento del poeta <strong><a rel=\"noreferrer noopener\" href=\"http:\/\/www.contranatura.org\/literat\/biblioteca\/Seferis_-_Mithistorima_y_otros_poemas.htm\" data-type=\"URL\" data-id=\"http:\/\/www.contranatura.org\/literat\/biblioteca\/Seferis_-_Mithistorima_y_otros_poemas.htm\" target=\"_blank\"><mark style=\"background-color:rgba(0, 0, 0, 0)\" class=\"has-inline-color has-blue-color\">Yorgos Seferis<\/mark><\/a> <\/strong>emitido el 28 de marzo de 1969 por el servicio mundial de la BBC. Fue publicado y comentado por <strong>Philippe Theophanidis<\/strong> en <mark style=\"background-color:rgba(0, 0, 0, 0)\" class=\"has-inline-color has-blue-color\"><a rel=\"noreferrer noopener\" href=\"https:\/\/aphelis.net\/anomaly-stop-george-seferis-declaration-march-28-1969\/\" target=\"_blank\">aphelis.net<\/a>.<\/mark> La traducci\u00f3n al castellano es de <strong>Carlos Mayhua Terreros<\/strong> para contranatura.org.<\/p>\n\n\n\n<div style=\"height:20px\" aria-hidden=\"true\" class=\"wp-block-spacer\"><\/div>\n\n\n\n<p class=\"has-drop-cap\">&#8220;Hace largo tiempo tom\u00e9 la decisi\u00f3n de mantenerme fuera de la pol\u00edtica de mi pa\u00eds. Como intent\u00e9 explicar en otra ocasi\u00f3n, esto no significaba en absoluto que fuera indiferente a nuestra vida pol\u00edtica.<\/p>\n\n\n\n<p>Desde entonces me he abstenido como regla, hasta el d\u00eda de hoy, de tocar asuntos de ese tipo. Es m\u00e1s, todo lo que he publicado hasta inicios de 1967 y mi actuaci\u00f3n posterior (no he publicado nada en griego desde que la libertad fue amordazada) ha mostrado clara y suficientemente \u2015as\u00ed lo creo\u2015 mi postura.<\/p>\n\n\n\n<p>Sin embargo, desde hace meses he sentido, dentro de m\u00ed y a mi alrededor, con intensidad creciente, la obligaci\u00f3n de hablar acerca de nuestra actual situaci\u00f3n. Con toda la brevedad posible, esto es lo que tengo que decir:<\/p>\n\n\n\n<p>Han pasado ya casi dos a\u00f1os desde que nos ha sido impuesto un r\u00e9gimen que es totalmente perjudicial a los ideales por los que nuestro mundo \u2015y nuestro pueblo tan resplandecientemente\u2015 pele\u00f3 durante la \u00faltima guerra mundial.<\/p>\n\n\n\n<p>Es un estado de sopor obligatorio en el cual todos los valores intelectuales que tuvimos \u00e9xito en mantener vivos, con agon\u00eda y trabajo, est\u00e1n a punto de hundirse en pantanosas y estancadas aguas. No ser\u00eda dif\u00edcil para m\u00ed comprender c\u00f3mo un da\u00f1o de este tipo no resultar\u00eda gran cosa para ciertas personas.<\/p>\n\n\n\n<p>Cualquiera ha aprendido y sabe a estas alturas que en el caso de los reg\u00edmenes dictatoriales el comienzo parece f\u00e1cil, pero la tragedia espera, inevitablemente, en el final. El drama de este final nos atormenta, consciente o inconscientemente \u2015como en los coros inmemoriales de Esquilo. Cuanto m\u00e1s tiempo permanece la anomal\u00eda, m\u00e1s crece la maldad.<\/p>\n\n\n\n<p>Soy un hombre sin ninguna filiaci\u00f3n pol\u00edtica, y puedo por lo tanto hablar sin miedo ni pasi\u00f3n. Veo delante de m\u00ed el abismo hacia el cual nos conduce la opresi\u00f3n que ha envuelto el pa\u00eds. Esta anomal\u00eda debe parar. Es un imperativo nacional.<\/p>\n\n\n\n<p>Ahora retorno al silencio. Ruego a Dios que no imponga sobre m\u00ed una necesidad similar de hablar otra vez.&#8221;<\/p>\n\n\n\n<p class=\"has-small-font-size\"><strong>\u2015 <\/strong><em>Cr\u00f3nica de la Biblioteca de la Universidad de Princeton<\/em>, vol. 58, no. 3, 1996-1997, p. 591: \u201cEste es el pronunciamiento de Yorgos Seferis denunciando el r\u00e9gimen de los Coroneles. La traducci\u00f3n inglesa de Edmund Keeley est\u00e1 basada en una copia en papel carb\u00f3n del original, en los <a href=\"https:\/\/library.princeton.edu\/special-collections\/collections\/selected-papers-george-seferis\" data-type=\"URL\" data-id=\"https:\/\/library.princeton.edu\/special-collections\/collections\/selected-papers-george-seferis\">Documentos selectos de Yorgos Seferis<\/a>, Divisi\u00f3n de manuscritos, libros raros y colecciones especiales, Biblioteca de la Universidad de Princeton&#8221;.<\/p>\n\n\n\n<hr class=\"wp-block-separator has-css-opacity\"\/>\n\n\n\n<p><strong><em><span class=\"has-inline-color has-medium-gray-color\">Comentario de Philippe Theophanidis:<\/span><\/em><\/strong><\/p>\n\n\n\n<p>El 21 de abril de 1967 hubo un golpe de estado en Grecia liderado por coroneles. Derrocaron al gobierno interino y cancelaron las elecciones generales programadas para el 28 de mayo del mismo a\u00f1o. Esta dictadura militar derechista dur\u00f3 siete largos a\u00f1os, desde 1967 a 1974. Lleg\u00f3 a ser conocida como &#8220;El r\u00e9gimen de los Coroneles&#8221;, &#8220;La Junta&#8221; o alternativamente &#8220;El Septenio&#8221;.<\/p>\n\n\n\n<p>Yorgos Seferis (1900-1971) era en el momento uno de los m\u00e1s renombrados poetas griegos. Era tambi\u00e9n muy conocido internacionalmente desde que recibi\u00f3 el Premio Nobel de Literatura en 1963. No era percibido como una figura pol\u00edtica, pero la situaci\u00f3n en Grecia era ciertamente insoportable para \u00e9l. El 28 de marzo de 1969 rompi\u00f3 su silencio y, con la ayuda del Servicio Mundial de la BBC, propal\u00f3 el breve pero estimulante mensaje arriba traducido. Su pronunciamiento fue reimpreso despu\u00e9s por varios diarios en Atenas.<\/p>\n\n\n\n<p>La urgente y firme conclusi\u00f3n de su mensaje \u2015&#8221;Esta anomal\u00eda debe parar&#8221;\u2015 podr\u00eda ciertamente ser interpretada por algunos hoy en d\u00eda como un programa v\u00e1lido para enfrentar nuevas crisis. De hecho, la palabra usada por Seferis \u2015\u03b7 \u03b1\u03bd\u03c9\u03bc\u03b1\u03bb\u03af\u03b1, \u201cla anomal\u00eda\u201d\u2015 significa &#8216;desigual&#8217;, &#8216;irregular&#8217;. (&#8230;) La plutocracia que algunos ven como la ra\u00edz de la crisis de la deuda en Grecia o la diferencia en la riqueza entre el 1% y el 99% que est\u00e1 en el origen del movimiento &#8216;Ocupa Wall Street&#8217; son, propiamente hablando, anomal\u00edas. (&#8230;)<\/p>\n\n\n\n<p class=\"has-medium-gray-color has-text-color has-small-font-size\"><em>\u2015<\/em> <em>Leer el art\u00edculo completo, en ingl\u00e9s, en <a href=\"https:\/\/aphelis.net\/anomaly-stop-george-seferis-declaration-march-28-1969\/\"><span class=\"has-inline-color has-blue-color\">aphelis.net<\/span><\/a>.<\/em><\/p>\n","protected":false},"excerpt":{"rendered":"<p>Este es el breve pronunciamiento del poeta Yorgos Seferis emitido el 28 de marzo de 1969 por el servicio mundial de la BBC. Fue publicado y comentado por Philippe Theophanidis en aphelis.net. La traducci\u00f3n al castellano es de Carlos Mayhua &hellip; <a href=\"http:\/\/contranatura.org\/blog\/2020\/12\/esta-anomalia-debe-parar\/\">Continue reading <span class=\"meta-nav\">&rarr;<\/span><\/a><\/p>\n","protected":false},"author":3,"featured_media":0,"comment_status":"closed","ping_status":"closed","sticky":false,"template":"","format":"standard","meta":{"footnotes":""},"categories":[6],"tags":[69,71,35,16,66,41,3],"class_list":["post-416","post","type-post","status-publish","format-standard","hentry","category-literaturas","tag-carlos-mayhua","tag-historia","tag-literatura","tag-politica","tag-seferis","tag-tirania","tag-traducciones"],"_links":{"self":[{"href":"http:\/\/contranatura.org\/blog\/wp-json\/wp\/v2\/posts\/416","targetHints":{"allow":["GET"]}}],"collection":[{"href":"http:\/\/contranatura.org\/blog\/wp-json\/wp\/v2\/posts"}],"about":[{"href":"http:\/\/contranatura.org\/blog\/wp-json\/wp\/v2\/types\/post"}],"author":[{"embeddable":true,"href":"http:\/\/contranatura.org\/blog\/wp-json\/wp\/v2\/users\/3"}],"replies":[{"embeddable":true,"href":"http:\/\/contranatura.org\/blog\/wp-json\/wp\/v2\/comments?post=416"}],"version-history":[{"count":0,"href":"http:\/\/contranatura.org\/blog\/wp-json\/wp\/v2\/posts\/416\/revisions"}],"wp:attachment":[{"href":"http:\/\/contranatura.org\/blog\/wp-json\/wp\/v2\/media?parent=416"}],"wp:term":[{"taxonomy":"category","embeddable":true,"href":"http:\/\/contranatura.org\/blog\/wp-json\/wp\/v2\/categories?post=416"},{"taxonomy":"post_tag","embeddable":true,"href":"http:\/\/contranatura.org\/blog\/wp-json\/wp\/v2\/tags?post=416"}],"curies":[{"name":"wp","href":"https:\/\/api.w.org\/{rel}","templated":true}]}}