{"id":422,"date":"2021-01-31T23:35:14","date_gmt":"2021-02-01T04:35:14","guid":{"rendered":"http:\/\/contranatura.org\/blog\/?p=422"},"modified":"2021-04-03T04:10:38","modified_gmt":"2021-04-03T09:10:38","slug":"el-problema-es-como-la-pantalla-se-ha-apoderado-del-cerebro","status":"publish","type":"post","link":"http:\/\/contranatura.org\/blog\/2021\/01\/el-problema-es-como-la-pantalla-se-ha-apoderado-del-cerebro\/","title":{"rendered":"&#8220;El problema es c\u00f3mo la pantalla se ha apoderado del cerebro&#8221;"},"content":{"rendered":"\n<figure class=\"wp-block-image size-large\"><img loading=\"lazy\" decoding=\"async\" width=\"880\" height=\"473\" src=\"http:\/\/contranatura.org\/blog\/wp-content\/uploads\/2021\/02\/smartphone-zombies-by-steve-cutts.jpg\" alt=\"\" class=\"wp-image-423\" srcset=\"http:\/\/contranatura.org\/blog\/wp-content\/uploads\/2021\/02\/smartphone-zombies-by-steve-cutts.jpg 880w, http:\/\/contranatura.org\/blog\/wp-content\/uploads\/2021\/02\/smartphone-zombies-by-steve-cutts-300x161.jpg 300w, http:\/\/contranatura.org\/blog\/wp-content\/uploads\/2021\/02\/smartphone-zombies-by-steve-cutts-768x413.jpg 768w, http:\/\/contranatura.org\/blog\/wp-content\/uploads\/2021\/02\/smartphone-zombies-by-steve-cutts-500x269.jpg 500w\" sizes=\"auto, (max-width: 880px) 100vw, 880px\" \/><figcaption>Ilustraci\u00f3n de <strong><a href=\"https:\/\/www.stevecutts.com\/illustration.html\" data-type=\"URL\" data-id=\"https:\/\/www.stevecutts.com\/illustration.html\" target=\"_blank\" rel=\"noreferrer noopener\">Steve Cutts<\/a><\/strong><\/figcaption><\/figure>\n\n\n\n<p class=\"has-black-background-color has-background\"><span class=\"has-inline-color has-medium-gray-color\">Fragmento de una entrevista al fil\u00f3sofo italiano <strong>Franco &#8220;Bifo&#8221; Berardi,<\/strong> realizada por <strong>Josep Massot<\/strong> en Barcelona, publicada en el diario<\/span> <a rel=\"noreferrer noopener\" href=\"https:\/\/elpais.com\/cultura\/2019\/02\/18\/actualidad\/1550504419_263711.html\" data-type=\"URL\" data-id=\"https:\/\/elpais.com\/cultura\/2019\/02\/18\/actualidad\/1550504419_263711.html\" target=\"_blank\">El Pa\u00eds<\/a> <span class=\"has-inline-color has-medium-gray-color\">el 20 de febrero de 2019.<\/span><\/p>\n\n\n\n<div style=\"height:20px\" aria-hidden=\"true\" class=\"wp-block-spacer\"><\/div>\n\n\n\n<p><strong>\u00bfEn qu\u00e9 est\u00e1 mutando el ser humano?<\/strong><\/p>\n\n\n\n<p>La modernidad nace cuando la escritura se hace medio de masas y la imprenta permite difundir el pensamiento en miles de copias. Hoy vivimos una segunda mutaci\u00f3n t\u00e9cnico-comunicativa mucho m\u00e1s profunda, porque mutamos de una forma conjuntiva del pensamiento, de la comunicaci\u00f3n, del afecto, a una forma conectiva.<\/p>\n\n\n\n<p><strong>\u00bfCu\u00e1l es la diferencia?<\/strong><\/p>\n\n\n\n<p>Que la presencia de la corporeidad ya no es decisiva. En la comunicaci\u00f3n conjuntiva la creaci\u00f3n de significado, de sentido, pertenece a la esfera de la presencia. Yo puedo decir algo que puede tener un significado diferente seg\u00fan la manera en que lo digo, de su contexto, de la relaci\u00f3n afectiva que existe con mi interlocutor, pero en la comunicaci\u00f3n conectiva es la sintaxis, la estructura t\u00e9cnica del medio, el formato, el sentido mismo. Adem\u00e1s, la comunicaci\u00f3n conectiva nos permite una aceleraci\u00f3n, una intensificaci\u00f3n infinita de la informaci\u00f3n, que no es solo informaci\u00f3n, este el problema, sino al mismo tiempo est\u00edmulo nervioso, es <em>shitstorm.<\/em> La consecuencia es que las capacidades cr\u00edticas que la humanidad ten\u00eda en la \u00e9poca de la imprenta se est\u00e1n perdiendo. Y esta transformaci\u00f3n est\u00e1 vinculada a la aceleraci\u00f3n de la infoesfera que produce efectos en la psicoesfera, es decir, en el cerebro, en la mente, en la emocionalidad humana. Vivimos una \u00e9poca de patolog\u00edas masivas, como las crisis de p\u00e1nico, la depresi\u00f3n, la ansiedad, que no son patolog\u00edas simplemente ps\u00edquicas, sino de la relaci\u00f3n comunicacional.<\/p>\n\n\n\n<p><strong>\u00bfQui\u00e9n augur\u00f3 mejor el futuro: Huxley, Ballard, Orwell o Philip K. Dick?<\/strong><\/p>\n\n\n\n<p>Philip K. Dick, sin duda. Orwell lleg\u00f3 muy lejos, pero Dick vio algo esencial, que el problema no era solo la pantalla como Orwell, el problema era la relaci\u00f3n entre la m\u00e1quina y el cerebro, la interconexi\u00f3n e interdependencia. El problema es c\u00f3mo la pantalla se ha apoderado del cerebro, c\u00f3mo la tecnolog\u00eda digital est\u00e1 modificando la cultura, pero tambi\u00e9n la actividad cognitiva, y a nivel m\u00e1s profundo, la estructura neurof\u00edsica misma del cerebro humano. La humanidad siempre se ha orientado con los sentidos, la vista, el olor\u2026 Hoy nos orientamos a trav\u00e9s de un mapa telem\u00e1tico de un sat\u00e9lite. \u00bfQu\u00e9 pasar\u00e1 dentro de dos o tres generaciones con la capacidad de mirar el panorama, detectar se\u00f1ales olfativas, auditivas, en el ambiente? Es la actividad cognitiva misma la que se est\u00e1 modificando y cuando se modifica la capacidad cognitiva, pasa a la f\u00edsica del cerebro. Tendremos un cerebro conectivo que funcionar\u00e1 a trav\u00e9s de conexiones sint\u00e1cticas que cancelar\u00e1n la capacidad pragm\u00e1tica de redefinir el contexto.<\/p>\n\n\n\n<p class=\"has-small-font-size\"><em><span class=\"has-inline-color has-medium-gray-color\">Leer entrevista completa en <a rel=\"noreferrer noopener\" href=\"https:\/\/elpais.com\/cultura\/2019\/02\/18\/actualidad\/1550504419_263711.html\" target=\"_blank\">El Pa\u00eds<\/a><\/span><\/em>.<\/p>\n","protected":false},"excerpt":{"rendered":"<p>Fragmento de una entrevista al fil\u00f3sofo italiano Franco &#8220;Bifo&#8221; Berardi, realizada por Josep Massot en Barcelona, publicada en el diario El Pa\u00eds el 20 de febrero de 2019. \u00bfEn qu\u00e9 est\u00e1 mutando el ser humano? La modernidad nace cuando la &hellip; <a href=\"http:\/\/contranatura.org\/blog\/2021\/01\/el-problema-es-como-la-pantalla-se-ha-apoderado-del-cerebro\/\">Continue reading <span class=\"meta-nav\">&rarr;<\/span><\/a><\/p>\n","protected":false},"author":3,"featured_media":0,"comment_status":"closed","ping_status":"closed","sticky":false,"template":"","format":"standard","meta":{"footnotes":""},"categories":[52],"tags":[22,36,67,16,60],"class_list":["post-422","post","type-post","status-publish","format-standard","hentry","category-filosofia","tag-entrevista","tag-filosofia","tag-franco-berardi","tag-politica","tag-tecnologia"],"_links":{"self":[{"href":"http:\/\/contranatura.org\/blog\/wp-json\/wp\/v2\/posts\/422","targetHints":{"allow":["GET"]}}],"collection":[{"href":"http:\/\/contranatura.org\/blog\/wp-json\/wp\/v2\/posts"}],"about":[{"href":"http:\/\/contranatura.org\/blog\/wp-json\/wp\/v2\/types\/post"}],"author":[{"embeddable":true,"href":"http:\/\/contranatura.org\/blog\/wp-json\/wp\/v2\/users\/3"}],"replies":[{"embeddable":true,"href":"http:\/\/contranatura.org\/blog\/wp-json\/wp\/v2\/comments?post=422"}],"version-history":[{"count":0,"href":"http:\/\/contranatura.org\/blog\/wp-json\/wp\/v2\/posts\/422\/revisions"}],"wp:attachment":[{"href":"http:\/\/contranatura.org\/blog\/wp-json\/wp\/v2\/media?parent=422"}],"wp:term":[{"taxonomy":"category","embeddable":true,"href":"http:\/\/contranatura.org\/blog\/wp-json\/wp\/v2\/categories?post=422"},{"taxonomy":"post_tag","embeddable":true,"href":"http:\/\/contranatura.org\/blog\/wp-json\/wp\/v2\/tags?post=422"}],"curies":[{"name":"wp","href":"https:\/\/api.w.org\/{rel}","templated":true}]}}