{"id":43,"date":"2020-04-22T23:43:01","date_gmt":"2020-04-23T04:43:01","guid":{"rendered":"http:\/\/contranatura.org\/blog\/?p=43"},"modified":"2021-04-05T02:56:59","modified_gmt":"2021-04-05T07:56:59","slug":"la-negacion-de-la-naturaleza-tragica-de-la-vida","status":"publish","type":"post","link":"http:\/\/contranatura.org\/blog\/2020\/04\/la-negacion-de-la-naturaleza-tragica-de-la-vida\/","title":{"rendered":"La negaci\u00f3n de la naturaleza tr\u00e1gica de la vida"},"content":{"rendered":"\n<figure class=\"wp-block-image size-large\"><img loading=\"lazy\" decoding=\"async\" width=\"800\" height=\"488\" src=\"http:\/\/contranatura.org\/blog\/wp-content\/uploads\/2020\/04\/Munch-1898-Homme-et-femme.jpg\" alt=\"Edvard Munch - Hombre y mujer (1898)\" class=\"wp-image-61\" srcset=\"http:\/\/contranatura.org\/blog\/wp-content\/uploads\/2020\/04\/Munch-1898-Homme-et-femme.jpg 800w, http:\/\/contranatura.org\/blog\/wp-content\/uploads\/2020\/04\/Munch-1898-Homme-et-femme-300x183.jpg 300w, http:\/\/contranatura.org\/blog\/wp-content\/uploads\/2020\/04\/Munch-1898-Homme-et-femme-768x468.jpg 768w, http:\/\/contranatura.org\/blog\/wp-content\/uploads\/2020\/04\/Munch-1898-Homme-et-femme-492x300.jpg 492w\" sizes=\"auto, (max-width: 800px) 100vw, 800px\" \/><figcaption><strong>Edvard Munch<\/strong>, Hombre y mujer (1898)<\/figcaption><\/figure>\n\n\n\n<p class=\"has-drop-cap\">&#8220;La creencia en la realidad de una ficci\u00f3n psiqui\u00e1trica, como la enfermedad mental, no puede ser disipada por razonamiento l\u00f3gico al igual que la creencia en la realidad de una ficci\u00f3n religiosa, como puede ser la vida despu\u00e9s de la muerte. Esto es porque, entre otras cosas, la religi\u00f3n es la negaci\u00f3n del fundamento humano del significado y de la finitud de la vida; esta genuina negaci\u00f3n permite a aquellos que anhelan un fundamento teo-mitol\u00f3gico del sentido y que rechazan la realidad de la muerte, a teologizar la vida y encargar su manejo a los profesionales del clero. Similarmente, la psiquiatr\u00eda es la negaci\u00f3n de la realidad del libre albedr\u00edo y de la naturaleza tr\u00e1gica de la vida; esta genuina negaci\u00f3n les permite a aquellos que buscan una explicaci\u00f3n neuro-mitol\u00f3gica de la oscuridad humana y que rechazan la inevitabilidad de la responsabilidad personal, a medicalizar la vida y encargar su manejo a los profesionales de la salud.&#8221;<\/p>\n\n\n\n<p class=\"has-text-align-right\">\u2014 <strong>Thomas Szasz<\/strong>, <em>La enfermedad mental sigue siendo un mito<\/em><\/p>\n\n\n\n<p class=\"has-small-font-size\"><em>Fragmento del art\u00edculo publicado en la revista SOCIETY, Mayo-Junio 1994, N\u00b0 31 (4), pp. 34-39. | Traducido por contranatura.org<\/em><\/p>\n\n\n\n<div style=\"height:20px\" aria-hidden=\"true\" class=\"wp-block-spacer\"><\/div>\n\n\n\n<p style=\"font-size:11px\"><strong>English version <\/strong>in page 2.<\/p>\n\n\n\n<!--nextpage-->\n\n\n\n<p class=\"has-drop-cap\">&#8220;Belief in the reality of a psychiatric fiction, such as mental illness, cannot be dispelled by logical argument any more than belief in the reality of a religious fiction, such as life after death, can be. That is because, inter alia, religion is the denial of the human foundations of meaning and of the finitude of life; this authenticated denial lets those who yearn for a theo-mythological foundation of meaning and who reject the reality of death to theologize life and entrust its management to clerical professionals. Similarly, psychiatry is the denial of the reality of free will and of the tragic nature of life; this authenticated denial lets those who seek a neuro-mythological explanation of human wickedness and who reject the inevitability of personal responsibility to medicalize life and entrust its management to health professionals.&#8221;<\/p>\n\n\n\n<p>\u2014 <strong>Thomas Szasz<\/strong>, Mental illness is still a myth<\/p>\n\n\n\n<p style=\"font-size:12px\">      SOCIETY 1994 May-June; 31(4): 34-39.<\/p>\n","protected":false},"excerpt":{"rendered":"<p>&#8220;La creencia en la realidad de una ficci\u00f3n psiqui\u00e1trica, como la enfermedad mental, no puede ser disipada por razonamiento l\u00f3gico al igual que la creencia en la realidad de una ficci\u00f3n religiosa, como puede ser la vida despu\u00e9s de la &hellip; <a href=\"http:\/\/contranatura.org\/blog\/2020\/04\/la-negacion-de-la-naturaleza-tragica-de-la-vida\/\">Continue reading <span class=\"meta-nav\">&rarr;<\/span><\/a><\/p>\n","protected":false},"author":3,"featured_media":0,"comment_status":"closed","ping_status":"closed","sticky":false,"template":"","format":"standard","meta":{"footnotes":""},"categories":[9,52],"tags":[10,4,36,11,63,12,3],"class_list":["post-43","post","type-post","status-publish","format-standard","hentry","category-citas-quotes","category-filosofia","tag-antipsiquiatria","tag-citas","tag-filosofia","tag-munch","tag-pinturas","tag-szasz","tag-traducciones"],"_links":{"self":[{"href":"http:\/\/contranatura.org\/blog\/wp-json\/wp\/v2\/posts\/43","targetHints":{"allow":["GET"]}}],"collection":[{"href":"http:\/\/contranatura.org\/blog\/wp-json\/wp\/v2\/posts"}],"about":[{"href":"http:\/\/contranatura.org\/blog\/wp-json\/wp\/v2\/types\/post"}],"author":[{"embeddable":true,"href":"http:\/\/contranatura.org\/blog\/wp-json\/wp\/v2\/users\/3"}],"replies":[{"embeddable":true,"href":"http:\/\/contranatura.org\/blog\/wp-json\/wp\/v2\/comments?post=43"}],"version-history":[{"count":0,"href":"http:\/\/contranatura.org\/blog\/wp-json\/wp\/v2\/posts\/43\/revisions"}],"wp:attachment":[{"href":"http:\/\/contranatura.org\/blog\/wp-json\/wp\/v2\/media?parent=43"}],"wp:term":[{"taxonomy":"category","embeddable":true,"href":"http:\/\/contranatura.org\/blog\/wp-json\/wp\/v2\/categories?post=43"},{"taxonomy":"post_tag","embeddable":true,"href":"http:\/\/contranatura.org\/blog\/wp-json\/wp\/v2\/tags?post=43"}],"curies":[{"name":"wp","href":"https:\/\/api.w.org\/{rel}","templated":true}]}}