{"id":431,"date":"2021-03-31T23:52:00","date_gmt":"2021-04-01T04:52:00","guid":{"rendered":"http:\/\/contranatura.org\/blog\/?p=431"},"modified":"2021-04-04T22:22:53","modified_gmt":"2021-04-05T03:22:53","slug":"los-marineros-adoran-un-buen-dia-de-sol","status":"publish","type":"post","link":"http:\/\/contranatura.org\/blog\/2021\/03\/los-marineros-adoran-un-buen-dia-de-sol\/","title":{"rendered":"Los marineros adoran un buen d\u00eda de sol"},"content":{"rendered":"\n<figure class=\"wp-block-image size-large is-style-default\"><img loading=\"lazy\" decoding=\"async\" width=\"720\" height=\"546\" src=\"http:\/\/contranatura.org\/blog\/wp-content\/uploads\/2021\/04\/tomorrow-i-will-wake-1977.jpg\" alt=\"Extra\u00f1o fotograma de la pel\u00edcula &quot;Z\u00edtra vstanu a opar\u00edm se cajem&quot; (Jindrich Pol\u00e1k, 1977)\" class=\"wp-image-432\" srcset=\"http:\/\/contranatura.org\/blog\/wp-content\/uploads\/2021\/04\/tomorrow-i-will-wake-1977.jpg 720w, http:\/\/contranatura.org\/blog\/wp-content\/uploads\/2021\/04\/tomorrow-i-will-wake-1977-300x228.jpg 300w, http:\/\/contranatura.org\/blog\/wp-content\/uploads\/2021\/04\/tomorrow-i-will-wake-1977-396x300.jpg 396w\" sizes=\"auto, (max-width: 720px) 100vw, 720px\" \/><figcaption>Fotograma de la pel\u00edcula checoslovaca de comedia y ciencia-ficci\u00f3n titulada &#8220;Ma\u00f1ana despertar\u00e9 y me quemar\u00e9 con el t\u00e9&#8221;, dirigida por Jindrich Pol\u00e1k en 1977.<\/figcaption><\/figure>\n\n\n\n<p class=\"has-black-background-color has-background\"><span class=\"has-inline-color has-medium-gray-color\">Un poema in\u00e9dito de <strong>Carlos Mayhua Terreros<\/strong>, escrito en Lima el 17 de mayo de 2020, luego de escuchar y traducir<a href=\"http:\/\/contranatura.org\/blog\/2020\/07\/los-marineros-adoran-un-hermoso-dia\/\" data-type=\"URL\" data-id=\"http:\/\/contranatura.org\/blog\/2020\/07\/los-marineros-adoran-un-hermoso-dia\/\"> <\/a><\/span><a href=\"http:\/\/contranatura.org\/blog\/2020\/07\/los-marineros-adoran-un-hermoso-dia\/\" data-type=\"URL\" data-id=\"http:\/\/contranatura.org\/blog\/2020\/07\/los-marineros-adoran-un-hermoso-dia\/\">una canci\u00f3n de Didier Le Blanc.<\/a><span class=\"has-inline-color has-medium-gray-color\"><\/span><\/p>\n\n\n\n<div style=\"height:20px\" aria-hidden=\"true\" class=\"wp-block-spacer\"><\/div>\n\n\n\n<p><strong>LOS MARINEROS ADORAN UN BUEN D\u00cdA DE SOL<\/strong><\/p>\n\n\n\n<p>Los marineros adoran un buen d\u00eda de sol<br>Cuando el v\u00e9rtigo de la marea se deshace<br>En los cuerpos cocidos en el sudor<br>Y las manos callosas en las gruesas sogas mojadas<br>Tientan al viento dormido en las velas calmadas<br>En las noches se ahogan en un barril lleno de ron<br>Se escurren luego a so\u00f1ar en un cofre herrumbrado<br>Y se secan con pu\u00f1ados de sal como lonjas<br>De jabal\u00edes sembrados en islotes desiertos<br>Y al alba se arrojan al mar crepitante<br>Desde los m\u00e1s fr\u00e1giles m\u00e1stiles<br>O desde el talle de la sirena tallada a babor<br>A la vista todo el azul de la imaginaci\u00f3n<br>Los marineros adoran un buen d\u00eda de sol<\/p>\n\n\n\n<p class=\"has-small-font-size\">\u2014 <strong>Carlos Mayhua Terreros<\/strong><br>    17 de mayo de 2020<\/p>\n","protected":false},"excerpt":{"rendered":"<p>Un poema in\u00e9dito de Carlos Mayhua Terreros, escrito en Lima el 17 de mayo de 2020, luego de escuchar y traducir una canci\u00f3n de Didier Le Blanc. LOS MARINEROS ADORAN UN BUEN D\u00cdA DE SOL Los marineros adoran un buen &hellip; <a href=\"http:\/\/contranatura.org\/blog\/2021\/03\/los-marineros-adoran-un-buen-dia-de-sol\/\">Continue reading <span class=\"meta-nav\">&rarr;<\/span><\/a><\/p>\n","protected":false},"author":3,"featured_media":0,"comment_status":"closed","ping_status":"closed","sticky":false,"template":"","format":"standard","meta":{"footnotes":""},"categories":[6,14],"tags":[69,70,35,20],"class_list":["post-431","post","type-post","status-publish","format-standard","hentry","category-literaturas","category-poesia","tag-carlos-mayhua","tag-fotogramas","tag-literatura","tag-poesia"],"_links":{"self":[{"href":"http:\/\/contranatura.org\/blog\/wp-json\/wp\/v2\/posts\/431","targetHints":{"allow":["GET"]}}],"collection":[{"href":"http:\/\/contranatura.org\/blog\/wp-json\/wp\/v2\/posts"}],"about":[{"href":"http:\/\/contranatura.org\/blog\/wp-json\/wp\/v2\/types\/post"}],"author":[{"embeddable":true,"href":"http:\/\/contranatura.org\/blog\/wp-json\/wp\/v2\/users\/3"}],"replies":[{"embeddable":true,"href":"http:\/\/contranatura.org\/blog\/wp-json\/wp\/v2\/comments?post=431"}],"version-history":[{"count":0,"href":"http:\/\/contranatura.org\/blog\/wp-json\/wp\/v2\/posts\/431\/revisions"}],"wp:attachment":[{"href":"http:\/\/contranatura.org\/blog\/wp-json\/wp\/v2\/media?parent=431"}],"wp:term":[{"taxonomy":"category","embeddable":true,"href":"http:\/\/contranatura.org\/blog\/wp-json\/wp\/v2\/categories?post=431"},{"taxonomy":"post_tag","embeddable":true,"href":"http:\/\/contranatura.org\/blog\/wp-json\/wp\/v2\/tags?post=431"}],"curies":[{"name":"wp","href":"https:\/\/api.w.org\/{rel}","templated":true}]}}