{"id":456,"date":"2021-05-31T23:26:00","date_gmt":"2021-06-01T04:26:00","guid":{"rendered":"http:\/\/contranatura.org\/blog\/?p=456"},"modified":"2021-06-01T14:49:19","modified_gmt":"2021-06-01T19:49:19","slug":"la-verdadera-cuarentena-leunig","status":"publish","type":"post","link":"http:\/\/contranatura.org\/blog\/2021\/05\/la-verdadera-cuarentena-leunig\/","title":{"rendered":"La verdadera cuarentena"},"content":{"rendered":"\n<p class=\"has-black-background-color has-background\"><span class=\"has-inline-color has-medium-gray-color\">Dos c\u00f3mics del dibujante y poeta australiano <\/span><strong><a rel=\"noreferrer noopener\" href=\"https:\/\/www.leunig.com.au\/\" data-type=\"URL\" data-id=\"https:\/\/www.leunig.com.au\/\" target=\"_blank\">Michael Leunig<\/a><\/strong><span class=\"has-inline-color has-medium-gray-color\">. Fueron publicados en los diarios <em>The Age<\/em> y <em>The Sydney Morning Herald<\/em>. Las im\u00e1genes son cortes\u00eda de Michael Leunig. La traducci\u00f3n de los textos es de contranatura.org.<\/span><\/p>\n\n\n\n<p class=\"has-medium-font-size\"><strong>True Lockdown<\/strong> | <span class=\"has-inline-color has-medium-gray-color\">La verdadera cuarentena<\/span><\/p>\n\n\n\n<figure class=\"wp-block-image size-full\"><a href=\"http:\/\/contranatura.org\/blog\/wp-content\/uploads\/2021\/06\/true-lockdown-leunig.jpg\"><img loading=\"lazy\" decoding=\"async\" width=\"750\" height=\"456\" src=\"http:\/\/contranatura.org\/blog\/wp-content\/uploads\/2021\/06\/true-lockdown-leunig.jpg\" alt=\"&quot;True Lockdown&quot;, by Michael Leunig (15-Feb-2021).\" class=\"wp-image-457\" srcset=\"http:\/\/contranatura.org\/blog\/wp-content\/uploads\/2021\/06\/true-lockdown-leunig.jpg 750w, http:\/\/contranatura.org\/blog\/wp-content\/uploads\/2021\/06\/true-lockdown-leunig-300x182.jpg 300w, http:\/\/contranatura.org\/blog\/wp-content\/uploads\/2021\/06\/true-lockdown-leunig-493x300.jpg 493w\" sizes=\"auto, (max-width: 750px) 100vw, 750px\" \/><\/a><figcaption><strong>True Lockdown<\/strong> | <strong>La verdadera cuarentena<\/strong> (Michael Leunig, 15-Feb-2021)<br><br>* La salud de una democracia puede ser medida por la habilidad de los ciudadanos de entrar<br>en cuarentena ante un r\u00e1pido aviso de las autoridades.<br>* \u00bfPero qu\u00e9 es una cuarentena y c\u00f3mo se logra?<br>* La verdadera cuarentena es una situaci\u00f3n en la que cada ciudadano est\u00e1 boca abajo, r\u00edgido,<br>inm\u00f3vil y obediente sobre el suelo con los ojos cerrados y sin hacer ning\u00fan sonido en<br>absoluto.<br>* Las grandes cuarentenas son cuando los ciudadanos permanecen en la posici\u00f3n de cuarentena<br>hasta por tres o cuatro horas.<br>* Probablemente no existe vista m\u00e1s bella para un l\u00edder democr\u00e1ticamente elegido que una<br>ciudad en total y absoluta cuarentena.<br>*  Se han conseguido cuarentenas de hasta trece horas pero eso fue cuando las autoridades<br>olvidaron avisar que el peligro hab\u00eda pasado.<\/figcaption><\/figure>\n\n\n\n<div style=\"height:20px\" aria-hidden=\"true\" class=\"wp-block-spacer\"><\/div>\n\n\n\n<p class=\"has-medium-font-size\"><strong>Hand Sanitiser<\/strong> | <span class=\"has-inline-color has-medium-gray-color\">Desinfectante de manos<\/span><\/p>\n\n\n\n<figure class=\"wp-block-image size-large\"><a href=\"http:\/\/contranatura.org\/blog\/wp-content\/uploads\/2021\/06\/hand-sanitiser-leunig.jpg\"><img loading=\"lazy\" decoding=\"async\" width=\"750\" height=\"465\" src=\"http:\/\/contranatura.org\/blog\/wp-content\/uploads\/2021\/06\/hand-sanitiser-leunig.jpg\" alt=\"\" class=\"wp-image-458\" srcset=\"http:\/\/contranatura.org\/blog\/wp-content\/uploads\/2021\/06\/hand-sanitiser-leunig.jpg 750w, http:\/\/contranatura.org\/blog\/wp-content\/uploads\/2021\/06\/hand-sanitiser-leunig-300x186.jpg 300w, http:\/\/contranatura.org\/blog\/wp-content\/uploads\/2021\/06\/hand-sanitiser-leunig-484x300.jpg 484w\" sizes=\"auto, (max-width: 750px) 100vw, 750px\" \/><\/a><figcaption><strong>Hand Sanitiser<\/strong> | <span class=\"has-inline-color has-medium-gray-color\"><strong>Desinfectante de manos<\/strong><\/span> (Michael Leunig, 25-Jul-2020)<br><br>* Honestamente compa, no s\u00e9 si vivimos en un estado policial, un estado ni\u00f1era, o un estado de histeria paranoica&#8230;<br>* No te preocupes por eso compa. Dale otro trago al desinfectante de manos&#8230;<\/figcaption><\/figure>\n\n\n\n<p><\/p>\n","protected":false},"excerpt":{"rendered":"<p>Dos c\u00f3mics del dibujante y poeta australiano Michael Leunig. Fueron publicados en los diarios The Age y The Sydney Morning Herald. Las im\u00e1genes son cortes\u00eda de Michael Leunig. La traducci\u00f3n de los textos es de contranatura.org. True Lockdown | La &hellip; <a href=\"http:\/\/contranatura.org\/blog\/2021\/05\/la-verdadera-cuarentena-leunig\/\">Continue reading <span class=\"meta-nav\">&rarr;<\/span><\/a><\/p>\n","protected":false},"author":3,"featured_media":0,"comment_status":"closed","ping_status":"closed","sticky":false,"template":"","format":"standard","meta":{"footnotes":""},"categories":[76],"tags":[77,17,78],"class_list":["post-456","post","type-post","status-publish","format-standard","hentry","category-comics","tag-comics","tag-covid-19","tag-michael-leunig"],"_links":{"self":[{"href":"http:\/\/contranatura.org\/blog\/wp-json\/wp\/v2\/posts\/456","targetHints":{"allow":["GET"]}}],"collection":[{"href":"http:\/\/contranatura.org\/blog\/wp-json\/wp\/v2\/posts"}],"about":[{"href":"http:\/\/contranatura.org\/blog\/wp-json\/wp\/v2\/types\/post"}],"author":[{"embeddable":true,"href":"http:\/\/contranatura.org\/blog\/wp-json\/wp\/v2\/users\/3"}],"replies":[{"embeddable":true,"href":"http:\/\/contranatura.org\/blog\/wp-json\/wp\/v2\/comments?post=456"}],"version-history":[{"count":0,"href":"http:\/\/contranatura.org\/blog\/wp-json\/wp\/v2\/posts\/456\/revisions"}],"wp:attachment":[{"href":"http:\/\/contranatura.org\/blog\/wp-json\/wp\/v2\/media?parent=456"}],"wp:term":[{"taxonomy":"category","embeddable":true,"href":"http:\/\/contranatura.org\/blog\/wp-json\/wp\/v2\/categories?post=456"},{"taxonomy":"post_tag","embeddable":true,"href":"http:\/\/contranatura.org\/blog\/wp-json\/wp\/v2\/tags?post=456"}],"curies":[{"name":"wp","href":"https:\/\/api.w.org\/{rel}","templated":true}]}}