{"id":482,"date":"2021-08-31T23:08:00","date_gmt":"2021-09-01T04:08:00","guid":{"rendered":"http:\/\/contranatura.org\/blog\/?p=482"},"modified":"2021-09-01T12:34:49","modified_gmt":"2021-09-01T17:34:49","slug":"hasta-la-vista-chicos","status":"publish","type":"post","link":"http:\/\/contranatura.org\/blog\/2021\/08\/hasta-la-vista-chicos\/","title":{"rendered":"&#8220;Hasta la vista, chicos&#8221;"},"content":{"rendered":"\n<figure class=\"wp-block-image size-large\"><img loading=\"lazy\" decoding=\"async\" width=\"700\" height=\"492\" src=\"http:\/\/contranatura.org\/blog\/wp-content\/uploads\/2021\/09\/kids-protest-new-normal.jpg\" alt=\"\" class=\"wp-image-483\" srcset=\"http:\/\/contranatura.org\/blog\/wp-content\/uploads\/2021\/09\/kids-protest-new-normal.jpg 700w, http:\/\/contranatura.org\/blog\/wp-content\/uploads\/2021\/09\/kids-protest-new-normal-300x211.jpg 300w, http:\/\/contranatura.org\/blog\/wp-content\/uploads\/2021\/09\/kids-protest-new-normal-427x300.jpg 427w\" sizes=\"auto, (max-width: 700px) 100vw, 700px\" \/><\/figure>\n\n\n\n<p class=\"has-medium-gray-color has-black-background-color has-text-color has-background\"><span class=\"has-inline-color has-medium-gray-color\">El 25 de agosto de 2021, <strong>Alessandro La Fortezza<\/strong>, profesor de una escuela p\u00fablica en Italia, difundi\u00f3 <\/span><a rel=\"noreferrer noopener\" href=\"https:\/\/www.lascuolacheaccoglie.org\/2021\/08\/lettera-aperta-ai-miei-studenti.html\" data-type=\"URL\" data-id=\"https:\/\/www.lascuolacheaccoglie.org\/2021\/08\/lettera-aperta-ai-miei-studenti.html\" target=\"_blank\"><span class=\"has-inline-color has-blue-color\">una carta<\/span><\/a><span class=\"has-inline-color has-medium-gray-color\"> despidi\u00e9ndose de sus alumnos, explicando su rechazo al &#8220;pasaporte verde&#8221;. Documento extra\u00eddo del blog<\/span> <a rel=\"noreferrer noopener\" href=\"https:\/\/contraelencierro.blogspot.com\/2021\/08\/profesor-alessandro-la-fortezza-carta.html\" data-type=\"URL\" data-id=\"https:\/\/contraelencierro.blogspot.com\/2021\/08\/profesor-alessandro-la-fortezza-carta.html\" target=\"_blank\"><span class=\"has-inline-color has-blue-color\">Contra el encierro<\/span><\/a><span class=\"has-inline-color has-medium-gray-color\">, traducido por<\/span> <em><span class=\"has-inline-color has-medium-gray-color\">counterpropaganda<\/span><\/em>.<span class=\"has-inline-color has-medium-gray-color\"><\/span><\/p>\n\n\n\n<div style=\"height:20px\" aria-hidden=\"true\" class=\"wp-block-spacer\"><\/div>\n\n\n\n<p><strong>Queridos alumnos:<\/strong><\/p>\n\n\n\n<p>En junio nos dijimos hasta la vista, pero hoy tengo que deciros que quiz\u00e1 no nos veamos en el instituto en septiembre.<\/p>\n\n\n\n<p>Si no se modifican las disposiciones actuales, me suspender\u00e1n de la ense\u00f1anza por no haber presentado el pase verde.<\/p>\n\n\n\n<p>Tal vez, aunque nunca os he ocultado mis ideas sobre la gesti\u00f3n de la epidemia, pueda parecer extra\u00f1o o exagerado que no quiera tener un pasaporte verde. Sin embargo, si pens\u00e1is en todo lo que vuestro profesor de italiano y de historia os ha contado sobre los carn\u00e9s de partido sin los que no se pod\u00eda trabajar, o sobre las muchas marcas de infamia que los despotismos de todos los tiempos hac\u00edan coser en la ropa de los discriminados, o sobre una ni\u00f1a escondida en una habitaci\u00f3n trasera que llenaba su cuaderno con su gruesa letra, entonces podr\u00e9is entender mi elecci\u00f3n.<\/p>\n\n\n\n<p>Ya puedo o\u00edr a algunos de vosotros levantando sus escudos: &#8220;\u00a1Pero profesor! No es lo mismo&#8221;. Soy muy consciente de ello. Nunca es lo mismo. Si las cosas err\u00f3neas aparecieran siempre en la historia de la misma manera, ser\u00edamos capaces de reconocerlas y defendernos de ellas. En cambio, el mal a menudo trata de enga\u00f1arnos disfraz\u00e1ndose con colores cambiantes.<\/p>\n\n\n\n<p>El verdadero bien, sin embargo, os revelar\u00e9 un truco: lo reconoc\u00e9is inmediatamente por su sencillez, su aparente peque\u00f1ez, su humildad.<\/p>\n\n\n\n<p>Fue entonces cuando os dej\u00e9 respirar libremente sin m\u00e1scara y vosotros hicisteis lo mismo conmigo. Era cuando respet\u00e1bamos el tiempo y el espacio del otro, cuando entraba en vuestras casas a distancia s\u00f3lo despu\u00e9s de llamar y pedir permiso, y cuando entend\u00edais si estaba cansado y necesitaba vuestra comprensi\u00f3n.<\/p>\n\n\n\n<p>Ahora bien, puede que no est\u00e9 all\u00ed para velar por vosotros en este dif\u00edcil momento de la historia, pero, comprendedme, no tendr\u00eda nada m\u00e1s que ense\u00f1aros, si me convirtiera en corresponsable, aunque sea pasivamente, de un instrumento de discriminaci\u00f3n como el pase verde; una discriminaci\u00f3n que no se basa en la religi\u00f3n, la etnia, el color de la piel o la orientaci\u00f3n sexual, sino en la elecci\u00f3n y la convicci\u00f3n individuales.<\/p>\n\n\n\n<p>Me vacunar\u00e9 cuando y si estoy convencido de que es lo correcto, desde luego no para ir a un restaurante, a un concierto o donde sea. Ni siquiera para mantener mi trabajo. Recordemos que &#8220;no s\u00f3lo de pan vive el hombre&#8221; (Mt 4,4) y que tambi\u00e9n est\u00e1 escrito: &#8220;Mirad c\u00f3mo crecen los lirios del campo: no trabajan ni hilan. Pero os digo que ni siquiera Salom\u00f3n, con toda su gloria, se visti\u00f3 como uno de ellos&#8221; (Mt 6,28). El Se\u00f1or, pues, &#8220;nunca perturba la alegr\u00eda de sus hijos, sino para prepararles una alegr\u00eda m\u00e1s cierta y mayor&#8221; (<em>Los novios<\/em>, cap\u00edtulo VIII). Adem\u00e1s, aunque ma\u00f1ana decidiera vacunarme, o si sintiera la necesidad de someterme a un hisopo de diagn\u00f3stico, no descargar\u00eda el pasaporte verde, para que mis elecciones individuales, sean las que sean, no se conviertan en un motivo de discriminaci\u00f3n contra quienes hayan hecho elecciones diferentes.<\/p>\n\n\n\n<p>Esperemos, en cambio, que se produzca un replanteamiento en las conciencias y se abandone el peligroso camino emprendido y que conduce a tristezas e infamias que cre\u00edamos superadas.<\/p>\n\n\n\n<p>En ese caso nos volver\u00edamos a abrazar, continuar\u00edamos nuestro viaje juntos, como si nos despert\u00e1ramos de un mal sue\u00f1o, y podr\u00eda volver a deciros: &#8220;\u00a1Hasta la vista, chicos!&#8221;.<\/p>\n\n\n\n<p>Vuestro profesor, <strong>Alessandro La Fortezza<\/strong><\/p>\n\n\n\n<div style=\"height:20px\" aria-hidden=\"true\" class=\"wp-block-spacer\"><\/div>\n\n\n\n<p><\/p>\n","protected":false},"excerpt":{"rendered":"<p>El 25 de agosto de 2021, Alessandro La Fortezza, profesor de una escuela p\u00fablica en Italia, difundi\u00f3 una carta despidi\u00e9ndose de sus alumnos, explicando su rechazo al &#8220;pasaporte verde&#8221;. Documento extra\u00eddo del blog Contra el encierro, traducido por counterpropaganda. Queridos &hellip; <a href=\"http:\/\/contranatura.org\/blog\/2021\/08\/hasta-la-vista-chicos\/\">Continue reading <span class=\"meta-nav\">&rarr;<\/span><\/a><\/p>\n","protected":false},"author":3,"featured_media":0,"comment_status":"closed","ping_status":"closed","sticky":false,"template":"","format":"standard","meta":{"footnotes":""},"categories":[25],"tags":[17,86,43,85,41],"class_list":["post-482","post","type-post","status-publish","format-standard","hentry","category-noticias","tag-covid-19","tag-discriminacion","tag-escuela","tag-pasaporte-sanitario","tag-tirania"],"_links":{"self":[{"href":"http:\/\/contranatura.org\/blog\/wp-json\/wp\/v2\/posts\/482","targetHints":{"allow":["GET"]}}],"collection":[{"href":"http:\/\/contranatura.org\/blog\/wp-json\/wp\/v2\/posts"}],"about":[{"href":"http:\/\/contranatura.org\/blog\/wp-json\/wp\/v2\/types\/post"}],"author":[{"embeddable":true,"href":"http:\/\/contranatura.org\/blog\/wp-json\/wp\/v2\/users\/3"}],"replies":[{"embeddable":true,"href":"http:\/\/contranatura.org\/blog\/wp-json\/wp\/v2\/comments?post=482"}],"version-history":[{"count":0,"href":"http:\/\/contranatura.org\/blog\/wp-json\/wp\/v2\/posts\/482\/revisions"}],"wp:attachment":[{"href":"http:\/\/contranatura.org\/blog\/wp-json\/wp\/v2\/media?parent=482"}],"wp:term":[{"taxonomy":"category","embeddable":true,"href":"http:\/\/contranatura.org\/blog\/wp-json\/wp\/v2\/categories?post=482"},{"taxonomy":"post_tag","embeddable":true,"href":"http:\/\/contranatura.org\/blog\/wp-json\/wp\/v2\/tags?post=482"}],"curies":[{"name":"wp","href":"https:\/\/api.w.org\/{rel}","templated":true}]}}