{"id":510,"date":"2022-01-31T23:14:00","date_gmt":"2022-02-01T04:14:00","guid":{"rendered":"http:\/\/contranatura.org\/blog\/?p=510"},"modified":"2022-02-01T05:02:18","modified_gmt":"2022-02-01T10:02:18","slug":"agamben-locura-pandemia","status":"publish","type":"post","link":"http:\/\/contranatura.org\/blog\/2022\/01\/agamben-locura-pandemia\/","title":{"rendered":"Agamben, locura y pandemia"},"content":{"rendered":"\n<figure class=\"wp-block-image size-large is-resized\"><a href=\"http:\/\/contranatura.org\/blog\/wp-content\/uploads\/2022\/02\/playa-agua-dulce-lima.jpg\"><img loading=\"lazy\" decoding=\"async\" src=\"http:\/\/contranatura.org\/blog\/wp-content\/uploads\/2022\/02\/playa-agua-dulce-lima.jpg\" alt=\"\" class=\"wp-image-511\" width=\"614\" height=\"409\" srcset=\"http:\/\/contranatura.org\/blog\/wp-content\/uploads\/2022\/02\/playa-agua-dulce-lima.jpg 860w, http:\/\/contranatura.org\/blog\/wp-content\/uploads\/2022\/02\/playa-agua-dulce-lima-300x200.jpg 300w, http:\/\/contranatura.org\/blog\/wp-content\/uploads\/2022\/02\/playa-agua-dulce-lima-768x513.jpg 768w, http:\/\/contranatura.org\/blog\/wp-content\/uploads\/2022\/02\/playa-agua-dulce-lima-449x300.jpg 449w\" sizes=\"auto, (max-width: 614px) 100vw, 614px\" \/><\/a><figcaption>Playa de Agua Dulce en Lima, Per\u00fa, observando los protocolos sanitarios en el marco de la pandemia del nuevo coronavirus. El ingreso es con una cita previa y carnet de vacunaci\u00f3n. (Foto: ANDINA)<\/figcaption><\/figure>\n\n\n\n<p class=\"has-black-background-color has-background\"><span class=\"has-inline-color has-medium-gray-color\">Fragmento de un art\u00edculo de <strong>Amador Vega<\/strong> comentando el \u00faltimo libro de <strong>Giorgio Agamben<\/strong>, que explora los 36 a\u00f1os que el poeta alem\u00e1n Friedrich H\u00f6lderlin (1770-1843) vivi\u00f3 en una torre al borde del r\u00edo Neckar, en la ciudad de Tubinga. Fue publicado el 30 de mayo de 2021 en el diario espa\u00f1ol <a rel=\"noreferrer noopener\" href=\"https:\/\/www.lavanguardia.com\/cultura\/culturas\/20210530\/7432827\/locura-agamben-giorgio-agamben-pandemia-giorgio-agamben-coronavirus-agamben.html\" target=\"_blank\"><em>La Vanguardia<\/em><\/a><\/span><em><a rel=\"noreferrer noopener\" href=\"https:\/\/www.lavanguardia.com\/cultura\/culturas\/20210530\/7432827\/locura-agamben-giorgio-agamben-pandemia-giorgio-agamben-coronavirus-agamben.html\" target=\"_blank\"><span class=\"has-inline-color has-blue-color\"><\/span><\/a><\/em><span class=\"has-inline-color has-medium-gray-color\">; y en el <em><a rel=\"noreferrer noopener\" href=\"https:\/\/semanariouniversidad.com\/suplementos\/forja\/agamben-locura-y-pandemia\/\" target=\"_blank\">Semanario Universidad<\/a><\/em> de la Universidad de Costa Rica.<\/span><\/p>\n\n\n\n<div style=\"height:20px\" aria-hidden=\"true\" class=\"wp-block-spacer\"><\/div>\n\n\n\n<p class=\"has-drop-cap\">El \u00faltimo libro, a\u00fan no traducido, del fil\u00f3sofo Giorgio Agamben (<em>La follia di H\u00f6lderlin. Cronaca di una vita abitante<\/em>) termina con estas palabras: \u201cDesde hace casi un a\u00f1o vivo cada d\u00eda con H\u00f6lderlin, en los \u00faltimos meses en una situaci\u00f3n de aislamiento en la que no habr\u00eda cre\u00eddo nunca llegar a encontrarme. Al despedirme ahora de \u00e9l, su locura me parece totalmente inocente respecto de aquella en la que toda una sociedad se ha precipitado sin darse cuenta\u201d.<\/p>\n\n\n\n<p>La locura colectiva a la que se refiere el fil\u00f3sofo italiano es la generada entre todos nosotros a causa de la pandemia en que habitamos. Desde muy al comienzo, Agamben se pronunci\u00f3 cr\u00edticamente<sup>1<\/sup> \u2013con vehemencia y para disgusto de muchos\u2013 acerca de las medidas adoptadas por las distintas administraciones para tratar de contener la expansi\u00f3n del virus en Italia.<\/p>\n\n\n\n<p>Lo plasma en la edici\u00f3n ampliada de <em>\u00bfEn qu\u00e9 punto estamos?<\/em><sup>2<\/sup> De pronto se activaron medidas que solo hab\u00edan sido adoptadas durante las dos guerras europeas \u2013ni tan siquiera entonces con tanta dureza\u2013 y que Agamben no dud\u00f3 en calificar de \u201cEstado de excepci\u00f3n\u201d: primero confinamiento, despu\u00e9s distancia social y, en definitiva, un aislamiento que amenaza con convertirse en h\u00e1bito.<\/p>\n\n\n\n<p>A esto hay que a\u00f1adir todav\u00eda la diseminaci\u00f3n del miedo, gestionado por los pol\u00edticos y trompeteado apocal\u00edpticamente por los medios de comunicaci\u00f3n, as\u00ed como la creciente imposici\u00f3n, por parte de la ciencia, de un modelo de salud sostenido sobre el concepto de vida biol\u00f3gica, el cual se ha llevado por delante lo que quedaba de una idea de vida afectiva y espiritual.<\/p>\n\n\n\n<p>(&#8230;)<\/p>\n\n\n\n<p>Aqu\u00ed toca citar de nuevo a H\u00f6lderlin: \u201cSi intento deletrear la lecci\u00f3n pol\u00edtica que me ha parecido poder sacar de la vida habitante del poeta en la torre sobre el Neckar \u2013contin\u00faa Agamben en la cita con la que hemos empezado\u2013, quiz\u00e1 tan solo me queda balbucear y balbucear. No hay lectores. Solo hay palabras sin destinatario\u201d. Pero la palabra, dec\u00eda un viejo maestro alem\u00e1n, tiene gran fuerza y, por eso, la locura de Agamben en su encierro con H\u00f6lderlin consiste en dar testimonio de esa locura: una palabra que no cura, pero salva.<\/p>\n\n\n\n<div style=\"height:30px\" aria-hidden=\"true\" class=\"wp-block-spacer\"><\/div>\n\n\n\n<hr class=\"wp-block-separator\"\/>\n\n\n\n<div style=\"height:30px\" aria-hidden=\"true\" class=\"wp-block-spacer\"><\/div>\n\n\n\n<p class=\"has-small-font-size\"><strong>Notas<\/strong><\/p>\n\n\n\n<ol class=\"has-small-font-size wp-block-list\"><li>Una colecci\u00f3n actualizada y multiling\u00fce de estas intervenciones cr\u00edticas est\u00e1 disponible en <a rel=\"noreferrer noopener\" href=\"https:\/\/aphelis.net\/agamben-coronavirus-pandemic-interventions\/\" data-type=\"URL\" data-id=\"https:\/\/aphelis.net\/agamben-coronavirus-pandemic-interventions\/\" target=\"_blank\">Aphelis<\/a>.<\/li><li><em>\u00bfEn qu\u00e9 punto estamos? La epidemia como pol\u00edtica<\/em>; editado por <a href=\"https:\/\/www.adrianahidalgo.com\/libro\/en-que-punto-estamos-la-epidemia-como-politica-giorgio-agamben-3ed\/\">Adriana Hidalgo<\/a> en Buenos Aires, 2020. Existe un<em> <a rel=\"noreferrer noopener\" href=\"https:\/\/artilleriainmanente.noblogs.org\/files\/2020\/06\/2020-Giorgio-Agamben-En-qu%C3%A9-punto-estamos-La-epidemia-como-pol%C3%ADtica-Final-4.pdf\" target=\"_blank\">e-book<\/a><\/em> libre, traducido y editado por <a rel=\"noreferrer noopener\" href=\"https:\/\/artilleriainmanente.noblogs.org\/?p=2376\" target=\"_blank\">Artiller\u00eda inmanente<\/a>.<\/li><\/ol>\n","protected":false},"excerpt":{"rendered":"<p>Fragmento de un art\u00edculo de Amador Vega comentando el \u00faltimo libro de Giorgio Agamben, que explora los 36 a\u00f1os que el poeta alem\u00e1n Friedrich H\u00f6lderlin (1770-1843) vivi\u00f3 en una torre al borde del r\u00edo Neckar, en la ciudad de Tubinga. &hellip; <a href=\"http:\/\/contranatura.org\/blog\/2022\/01\/agamben-locura-pandemia\/\">Continue reading <span class=\"meta-nav\">&rarr;<\/span><\/a><\/p>\n","protected":false},"author":3,"featured_media":0,"comment_status":"closed","ping_status":"closed","sticky":false,"template":"","format":"standard","meta":{"footnotes":""},"categories":[52],"tags":[97,98,36,99,100],"class_list":["post-510","post","type-post","status-publish","format-standard","hentry","category-filosofia","tag-agamben","tag-amador-vega","tag-filosofia","tag-holderlin","tag-pandemia"],"_links":{"self":[{"href":"http:\/\/contranatura.org\/blog\/wp-json\/wp\/v2\/posts\/510","targetHints":{"allow":["GET"]}}],"collection":[{"href":"http:\/\/contranatura.org\/blog\/wp-json\/wp\/v2\/posts"}],"about":[{"href":"http:\/\/contranatura.org\/blog\/wp-json\/wp\/v2\/types\/post"}],"author":[{"embeddable":true,"href":"http:\/\/contranatura.org\/blog\/wp-json\/wp\/v2\/users\/3"}],"replies":[{"embeddable":true,"href":"http:\/\/contranatura.org\/blog\/wp-json\/wp\/v2\/comments?post=510"}],"version-history":[{"count":0,"href":"http:\/\/contranatura.org\/blog\/wp-json\/wp\/v2\/posts\/510\/revisions"}],"wp:attachment":[{"href":"http:\/\/contranatura.org\/blog\/wp-json\/wp\/v2\/media?parent=510"}],"wp:term":[{"taxonomy":"category","embeddable":true,"href":"http:\/\/contranatura.org\/blog\/wp-json\/wp\/v2\/categories?post=510"},{"taxonomy":"post_tag","embeddable":true,"href":"http:\/\/contranatura.org\/blog\/wp-json\/wp\/v2\/tags?post=510"}],"curies":[{"name":"wp","href":"https:\/\/api.w.org\/{rel}","templated":true}]}}