{"id":601,"date":"2023-03-31T23:30:00","date_gmt":"2023-04-01T04:30:00","guid":{"rendered":"http:\/\/contranatura.org\/blog\/?p=601"},"modified":"2023-07-06T18:28:04","modified_gmt":"2023-07-06T23:28:04","slug":"venus-en-la-caverna-rosina-valcarcel","status":"publish","type":"post","link":"http:\/\/contranatura.org\/blog\/2023\/03\/venus-en-la-caverna-rosina-valcarcel\/","title":{"rendered":"Venus en la caverna"},"content":{"rendered":"\n<figure class=\"wp-block-image size-large\"><a href=\"http:\/\/contranatura.org\/blog\/wp-content\/uploads\/2023\/04\/delvaux-1936-femme-dans-une-grotte.jpg\"><img loading=\"lazy\" decoding=\"async\" width=\"1024\" height=\"829\" src=\"http:\/\/contranatura.org\/blog\/wp-content\/uploads\/2023\/04\/delvaux-1936-femme-dans-une-grotte-1024x829.jpg\" alt=\"\" class=\"wp-image-603\" srcset=\"http:\/\/contranatura.org\/blog\/wp-content\/uploads\/2023\/04\/delvaux-1936-femme-dans-une-grotte-1024x829.jpg 1024w, http:\/\/contranatura.org\/blog\/wp-content\/uploads\/2023\/04\/delvaux-1936-femme-dans-une-grotte-300x243.jpg 300w, http:\/\/contranatura.org\/blog\/wp-content\/uploads\/2023\/04\/delvaux-1936-femme-dans-une-grotte-768x622.jpg 768w, http:\/\/contranatura.org\/blog\/wp-content\/uploads\/2023\/04\/delvaux-1936-femme-dans-une-grotte-371x300.jpg 371w, http:\/\/contranatura.org\/blog\/wp-content\/uploads\/2023\/04\/delvaux-1936-femme-dans-une-grotte.jpg 1080w\" sizes=\"auto, (max-width: 1024px) 100vw, 1024px\" \/><\/a><figcaption class=\"wp-element-caption\"><strong>Femme dans une grotte<\/strong> | Mujer en una gruta (1936) | Paul Delvaux<\/figcaption><\/figure>\n\n\n\n<p class=\"has-medium-gray-color has-black-background-color has-text-color has-background\">Tres poemas de <strong>Rosina Valc\u00e1rcel Carnero<\/strong> (Lima, 1947) extra\u00eddos de <em>Venus en la caverna<\/em> (Fondo Editorial Cultura Peruana, Lima, 2019).<\/p>\n\n\n\n<div style=\"height:30px\" aria-hidden=\"true\" class=\"wp-block-spacer\"><\/div>\n\n\n\n<p class=\"has-normal-font-size\"><strong>MI CAF\u00c9 EREMITA<\/strong><\/p>\n\n\n\n<p style=\"font-size:11px\">&#8230;para decirme que a\u00fan vivo respondiendo por cada poro de mi cuerpo<br>al poder\u00edo de tu nombre oh Poes\u00eda (Lima la horrible, 24 de julio o agosto de 1949).<br><em>C\u00e9sar Moro<\/em><\/p>\n\n\n\n<p>Exhorto su presencia fresca<br>Muchacha ojos de papel <span class=\"has-inline-color has-white-color\">\u2026<\/span> Se va lenta al espacio<br>Se aleja ligera <span class=\"has-inline-color has-white-color\">\u2026<\/span> Y pierde la perspectiva<br>En la Basilique de Fourviere<br>Donde se prodiga cada mes<br>O en Lima la horrible<br>A veces pierde un poco de piedad y estoicismo<br>Aturdida por lo real <span class=\"has-inline-color has-white-color\">\u2026<\/span> Por el cielo gris de la maldita ciudad<br>La muchacha con perla<br>Cada atardecer le dice: \u00a1No! a su madre<br>Mueve el cuello y su dardo apunta: \u00a1No!<br>Zarandea la tierra y dispara: \u00a1No!<br>Leve agita la boca rub\u00ed y su retirada indica: \u00a1No!<br>Terco, mi caf\u00e9 eremita, en el ocaso eclipsa la tierra<br>Y la hija mora, sin darse cuenta, sepulta mi vida.<\/p>\n\n\n\n<div style=\"height:40px\" aria-hidden=\"true\" class=\"wp-block-spacer\"><\/div>\n\n\n\n<p class=\"has-normal-font-size\"><strong>CHIEN ET CHIENNE<\/strong><\/p>\n\n\n\n<p>Para un perro hay una perra<br>Lo fuiste en mi covacha<br>Bru\u00f1ido excitable abriendo mi puerta de a pocos<br>Entre hamacas invisibles<br>En tu cuerpo fui una perra bruna<br>En tu vida clara en tus tardes clandestinas en tus sombras<br>Perro y perra que se evitan y se echan<br>A bocados a rasgu\u00f1os furiosos tirados erguidos<br>Fragantes en el bosque donde fuimos pr\u00f3digos<br>Tu ribera tu piel tu pellejo tu fruto: un \u00e1rbol en m\u00ed<br>que arrebato y avistas como la V\u00eda L\u00e1ctea<br>que se clava en mi vientre<br>alcayata y punta semilla crema y limo<br>osado perro ardido guitarra penetrando en m\u00ed tanto<br>Y al final termino<br>sorda afligida y p\u00e9trea.<\/p>\n\n\n\n<div style=\"height:40px\" aria-hidden=\"true\" class=\"wp-block-spacer\"><\/div>\n\n\n\n<p class=\"has-normal-font-size\"><strong>POEMA SUELTO EN AGOSTO<\/strong><\/p>\n\n\n\n<p style=\"font-size:11px\"><em>a Roberto Juarroz<\/em><\/p>\n\n\n\n<p>En aquel tiempo nadie mor\u00eda salvo por asesinato brutal<br>Como el de Judit cuando decapit\u00f3 a Holofernes<br>En pleno siglo XXI estoy escribiendo cuerdas en aire y tierra<br>Y alguna persona agoniza<br>Mientras lavo mi vestido \/ cuando aborrezco a una conocida<br>Mientras minuciosa le garabateo un poema a mi amor impar<br>Y aunque lograra estar quieta alg\u00fan amigo estar\u00eda cayendo<br>Tentando en vano de unir a las tribus<br>De no mirar fijo al vac\u00edo<br>Y aunque me fuera pensando este invierno del a\u00f1o 2018<br>Otro ser estar\u00eda falleciendo, a pesar de mi genuina avidez<br>De morir exclusiva: un segundo, un minuto, una hora.<br>Por ello, si me inquieren por la tierra<br>Meramente contesto:<br>Un ser humano est\u00e1 muriendo en el gris desierto del Norte.<\/p>\n\n\n\n<div style=\"height:40px\" aria-hidden=\"true\" class=\"wp-block-spacer\"><\/div>\n\n\n\n<p class=\"has-small-font-size\">\u2014 <strong>Rosina Valc\u00e1rcel Carnero<\/strong><br><span class=\"has-inline-color has-medium-gray-color\">Extra\u00eddo de <em>Venus en la caverna<\/em>, Fondo Editorial Cultura Peruana, Lima, 2019. (pp. 22, 50, 85).<\/span><\/p>\n\n\n\n<div style=\"height:20px\" aria-hidden=\"true\" class=\"wp-block-spacer\"><\/div>\n","protected":false},"excerpt":{"rendered":"<p>Tres poemas de Rosina Valc\u00e1rcel Carnero (Lima, 1947) extra\u00eddos de Venus en la caverna (Fondo Editorial Cultura Peruana, Lima, 2019). MI CAF\u00c9 EREMITA &#8230;para decirme que a\u00fan vivo respondiendo por cada poro de mi cuerpoal poder\u00edo de tu nombre oh &hellip; <a href=\"http:\/\/contranatura.org\/blog\/2023\/03\/venus-en-la-caverna-rosina-valcarcel\/\">Continue reading <span class=\"meta-nav\">&rarr;<\/span><\/a><\/p>\n","protected":false},"author":3,"featured_media":0,"comment_status":"closed","ping_status":"closed","sticky":false,"template":"","format":"standard","meta":{"footnotes":""},"categories":[6,14],"tags":[35,141,63,20,140,32],"class_list":["post-601","post","type-post","status-publish","format-standard","hentry","category-literaturas","category-poesia","tag-literatura","tag-paul-delvaux","tag-pinturas","tag-poesia","tag-rosina-valcarcel","tag-surrealismo"],"_links":{"self":[{"href":"http:\/\/contranatura.org\/blog\/wp-json\/wp\/v2\/posts\/601","targetHints":{"allow":["GET"]}}],"collection":[{"href":"http:\/\/contranatura.org\/blog\/wp-json\/wp\/v2\/posts"}],"about":[{"href":"http:\/\/contranatura.org\/blog\/wp-json\/wp\/v2\/types\/post"}],"author":[{"embeddable":true,"href":"http:\/\/contranatura.org\/blog\/wp-json\/wp\/v2\/users\/3"}],"replies":[{"embeddable":true,"href":"http:\/\/contranatura.org\/blog\/wp-json\/wp\/v2\/comments?post=601"}],"version-history":[{"count":0,"href":"http:\/\/contranatura.org\/blog\/wp-json\/wp\/v2\/posts\/601\/revisions"}],"wp:attachment":[{"href":"http:\/\/contranatura.org\/blog\/wp-json\/wp\/v2\/media?parent=601"}],"wp:term":[{"taxonomy":"category","embeddable":true,"href":"http:\/\/contranatura.org\/blog\/wp-json\/wp\/v2\/categories?post=601"},{"taxonomy":"post_tag","embeddable":true,"href":"http:\/\/contranatura.org\/blog\/wp-json\/wp\/v2\/tags?post=601"}],"curies":[{"name":"wp","href":"https:\/\/api.w.org\/{rel}","templated":true}]}}