{"id":606,"date":"2023-05-31T23:47:39","date_gmt":"2023-06-01T04:47:39","guid":{"rendered":"http:\/\/contranatura.org\/blog\/?p=606"},"modified":"2023-07-01T11:28:16","modified_gmt":"2023-07-01T16:28:16","slug":"la-surrealista-oculta-valentine-penrose","status":"publish","type":"post","link":"http:\/\/contranatura.org\/blog\/2023\/05\/la-surrealista-oculta-valentine-penrose\/","title":{"rendered":"La surrealista oculta"},"content":{"rendered":"\n<figure class=\"wp-block-image size-large\"><img loading=\"lazy\" decoding=\"async\" width=\"794\" height=\"1024\" src=\"http:\/\/contranatura.org\/blog\/wp-content\/uploads\/2023\/06\/valentine-penrose-collage-794x1024.jpg\" alt=\"\" class=\"wp-image-610\" srcset=\"http:\/\/contranatura.org\/blog\/wp-content\/uploads\/2023\/06\/valentine-penrose-collage-794x1024.jpg 794w, http:\/\/contranatura.org\/blog\/wp-content\/uploads\/2023\/06\/valentine-penrose-collage-233x300.jpg 233w, http:\/\/contranatura.org\/blog\/wp-content\/uploads\/2023\/06\/valentine-penrose-collage-768x991.jpg 768w, http:\/\/contranatura.org\/blog\/wp-content\/uploads\/2023\/06\/valentine-penrose-collage.jpg 900w\" sizes=\"auto, (max-width: 794px) 100vw, 794px\" \/><figcaption class=\"wp-element-caption\"><em>Collage<\/em> de Valentine Penrose, incluido en el poemario <em>Dones de las femeninas <\/em>(1951).<\/figcaption><\/figure>\n\n\n\n<p class=\"has-dark-gray-color has-light-gray-background-color has-text-color has-background\">Tres poemas de <strong>Valentine Penrose<\/strong> (1898-1978), extra\u00eddos del libro <em>La surrealista oculta<\/em>. <em>Obra reunida<\/em>; edici\u00f3n y pr\u00f3logo de <strong>Elisabet Riera<\/strong>; traducci\u00f3n de <strong>Marie-Christine del Castillo-Valero<\/strong> (Wunderkammer, Girona, 2020). A contramano de la distop\u00eda pand\u00e9mica, en febrero de 2020, una peque\u00f1a editorial espa\u00f1ola cubri\u00f3 un vac\u00edo que hab\u00eda en el universo, publicando un magn\u00edfico tomo de la poes\u00eda completa de Valentine Penrose, nacida Valentine Bou\u00e9 en Francia, que se cas\u00f3 en 1925 con el artista ingl\u00e9s Roland Penrose pero que s\u00f3lo pudo amar a las mujeres, que vivi\u00f3 varias temporadas en el Himalaya y la India, que estuvo en Catalu\u00f1a colaborando con el bando republicano durante la guerra civil espa\u00f1ola, que fue autora de <em>Erzs\u00e9bet B\u00e1thory la Comtesse sanglante<\/em> (1962) que dej\u00f3 impactada a Pizarnik, y de poemas dispersos o reunidos en <em>plaquettes<\/em> que ahora ya forman contundente libro. Muy profesionalmente, el <em>Diccionario General del Surrealismo y su entorno<\/em> (Presses universitaires de France, 1982) la describ\u00eda como &#8220;una poeta cuya importancia supera por mucho su notoriedad&#8221;&#8230;<\/p>\n\n\n\n<div style=\"height:60px\" aria-hidden=\"true\" class=\"wp-block-spacer\"><\/div>\n\n\n\n<p>Vayamos en voz baja hasta donde nos plazca<br>A apagar esas banderas que queman a los hombres<br>Y eximir la chispa de su uso<\/p>\n\n\n\n<div style=\"height:50px\" aria-hidden=\"true\" class=\"wp-block-spacer\"><\/div>\n\n\n\n<p style=\"font-size:16px\"><strong>A FRANCESCA<\/strong><\/p>\n\n\n\n<p>Manos suaves nomeolvides en las culatas de los fusiles<br>lucho estoy prosternada<br>despu\u00e9s de las muertes en tus cabellos como guada\u00f1as<br>t\u00fa cantora de los huesos profundos de los soldados de los marineros.<\/p>\n\n\n\n<div style=\"height:50px\" aria-hidden=\"true\" class=\"wp-block-spacer\"><\/div>\n\n\n\n<p style=\"font-size:16px\"><strong>DEM\u00c9TER<\/strong><\/p>\n\n\n\n<p>Si es que existe una piedra de tristeza estoy sentada en ella<br>All\u00ed donde las cintas caen oblicuas sobre la llanura<br>Blancos velos. Qu\u00e9 levedad.<br>Donde la diosa de ojos hinchados mete al ni\u00f1o ajeno en el fuego.<\/p>\n\n\n\n<p>El \u00e1rbol se niega a orientarse. La esmeralda<br>Mantiene su pu\u00f1o cerrado. Si es que existe<br>Una piedra de tristeza estoy sentada en ella.<\/p>\n\n\n\n<div style=\"height:40px\" aria-hidden=\"true\" class=\"wp-block-spacer\"><\/div>\n\n\n\n<p class=\"has-dark-gray-color has-text-color has-small-font-size\"><strong>\u2014 Valentine Penrose<\/strong><br>Traducci\u00f3n de Marie-Christine del Castillo-Valero <br>Fuente: <em>La surrealista oculta. Obra reunida<\/em> (Wunderkammer, Girona, 2020).<\/p>\n\n\n\n<div style=\"height:20px\" aria-hidden=\"true\" class=\"wp-block-spacer\"><\/div>\n","protected":false},"excerpt":{"rendered":"<p>Tres poemas de Valentine Penrose (1898-1978), extra\u00eddos del libro La surrealista oculta. Obra reunida; edici\u00f3n y pr\u00f3logo de Elisabet Riera; traducci\u00f3n de Marie-Christine del Castillo-Valero (Wunderkammer, Girona, 2020). A contramano de la distop\u00eda pand\u00e9mica, en febrero de 2020, una peque\u00f1a &hellip; <a href=\"http:\/\/contranatura.org\/blog\/2023\/05\/la-surrealista-oculta-valentine-penrose\/\">Continue reading <span class=\"meta-nav\">&rarr;<\/span><\/a><\/p>\n","protected":false},"author":3,"featured_media":0,"comment_status":"closed","ping_status":"closed","sticky":false,"template":"","format":"standard","meta":{"footnotes":""},"categories":[6,14],"tags":[143,35,146,20,32,142],"class_list":["post-606","post","type-post","status-publish","format-standard","hentry","category-literaturas","category-poesia","tag-collage","tag-literatura","tag-marie-christine-del-castillo","tag-poesia","tag-surrealismo","tag-valentine-penrose"],"_links":{"self":[{"href":"http:\/\/contranatura.org\/blog\/wp-json\/wp\/v2\/posts\/606","targetHints":{"allow":["GET"]}}],"collection":[{"href":"http:\/\/contranatura.org\/blog\/wp-json\/wp\/v2\/posts"}],"about":[{"href":"http:\/\/contranatura.org\/blog\/wp-json\/wp\/v2\/types\/post"}],"author":[{"embeddable":true,"href":"http:\/\/contranatura.org\/blog\/wp-json\/wp\/v2\/users\/3"}],"replies":[{"embeddable":true,"href":"http:\/\/contranatura.org\/blog\/wp-json\/wp\/v2\/comments?post=606"}],"version-history":[{"count":0,"href":"http:\/\/contranatura.org\/blog\/wp-json\/wp\/v2\/posts\/606\/revisions"}],"wp:attachment":[{"href":"http:\/\/contranatura.org\/blog\/wp-json\/wp\/v2\/media?parent=606"}],"wp:term":[{"taxonomy":"category","embeddable":true,"href":"http:\/\/contranatura.org\/blog\/wp-json\/wp\/v2\/categories?post=606"},{"taxonomy":"post_tag","embeddable":true,"href":"http:\/\/contranatura.org\/blog\/wp-json\/wp\/v2\/tags?post=606"}],"curies":[{"name":"wp","href":"https:\/\/api.w.org\/{rel}","templated":true}]}}